[{"@context":"https:\/\/schema.org\/","@type":"Article","@id":"https:\/\/www.mapr.cz\/zahady-tibetskeho-naroda\/#Article","mainEntityOfPage":"https:\/\/www.mapr.cz\/zahady-tibetskeho-naroda\/","headline":"Z\u00e1hady tibetsk\u00e9ho n\u00e1roda","name":"Z\u00e1hady tibetsk\u00e9ho n\u00e1roda","description":"Tibet je jedn\u00edm z nejzaj\u00edmav\u011bj\u0161\u00edch m\u00edst na\u0161\u00ed planety. A Tibe\u0165an\u00e9 jsou z\u00e1hadn\u00fdm n\u00e1rodem. Pokud bychom u nich pou\u017eili za\u017eit\u00e9 kli\u0161\u00e9: \u201eOdkud jsme p\u0159i\u0161li&#8230;\u201c, pak by &hellip; ","datePublished":"2025-03-06","dateModified":"2025-03-06","author":{"@type":"Person","@id":"https:\/\/www.mapr.cz\/author\/#Person","name":"","url":"https:\/\/www.mapr.cz\/author\/","identifier":1,"image":{"@type":"ImageObject","@id":"https:\/\/secure.gravatar.com\/avatar\/4e6a74466e4227c12d5306875d08720cdfce3572213740db6f4a2e5e46e710ff?s=96&d=mm&r=g","url":"https:\/\/secure.gravatar.com\/avatar\/4e6a74466e4227c12d5306875d08720cdfce3572213740db6f4a2e5e46e710ff?s=96&d=mm&r=g","height":96,"width":96}},"publisher":{"@type":"Organization","name":"mapr.cz","logo":{"@type":"ImageObject","@id":"\/logo.png","url":"\/logo.png","width":600,"height":60}},"image":{"@type":"ImageObject","@id":"https:\/\/www.mapr.cz\/wp-content\/uploads\/img_a326997_w2207_t1539164806.jpg","url":"https:\/\/www.mapr.cz\/wp-content\/uploads\/img_a326997_w2207_t1539164806.jpg","height":0,"width":0},"url":"https:\/\/www.mapr.cz\/zahady-tibetskeho-naroda\/","wordCount":399,"articleBody":"Tibet je jedn\u00edm z nejzaj\u00edmav\u011bj\u0161\u00edch m\u00edst na\u0161\u00ed planety. A Tibe\u0165an\u00e9 jsou z\u00e1hadn\u00fdm n\u00e1rodem. Pokud bychom u nich pou\u017eili za\u017eit\u00e9 kli\u0161\u00e9: \u201eOdkud jsme p\u0159i\u0161li&#8230;\u201c, pak by asi mnoz\u00ed z\u00a0nich jen bezradn\u011b pokr\u010dili rameny. Nejstar\u0161\u00ed historick\u00e9 zm\u00ednky o Tibetu poch\u00e1zej\u00ed ze sedm\u00e9ho stolet\u00ed.o\u00a0\u00a0 Do d\u011bjin se tehdy zapsal v\u00e1le\u010dn\u00edk Songtsan Gamp, kter\u00fd sjednotil kmeny v t\u00e9to oblasti \u017eij\u00edc\u00ed.o\u00a0\u00a0 T\u00edm se mu poda\u0159ilo vytvo\u0159it prvn\u00ed \u0159\u00ed\u0161i na vysokohorsk\u00e9 n\u00e1horn\u00ed plo\u0161in\u011b.Pokud bychom se cht\u011bli dop\u00e1trat d\u00e1vn\u011bj\u0161\u00edch ko\u0159en\u016f, pak zav\u00edt\u00e1me u\u017e jen do m\u00fdt\u016f a pov\u011bst\u00ed. Na tom by jist\u011b nebylo nic tak divn\u00e9ho. I my m\u00e1me na\u0161i Libu\u0161i, Kroka a dal\u0161\u00ed imagin\u00e1rn\u00ed historick\u00e9 postavy. Tady \u0161li ale mnohem d\u00e1l a nechali svou fantazii pracovat opravdu na pln\u00e9 obr\u00e1tky. Podle n\u011bkter\u00fdch m\u00fdt\u016f p\u0159i\u0161li Tibe\u0165an\u00e9 z posv\u00e1tn\u00e9 hory Gangpo Ri, kde je zplodil zbo\u017en\u00fd opi\u010d\u00e1k a \u017eensk\u00fd d\u00e9mon.&#8211;\u00a0\u00a0\u00a0\u00a0\u00a0\u00a0\u00a0\u00a0 Pochopiteln\u011b, \u017ee na vin\u011b byl \u017eensk\u00fd prvek.&#8211;\u00a0\u00a0\u00a0\u00a0\u00a0\u00a0\u00a0\u00a0 \u017dena \u2013 d\u00e9mon opi\u010d\u00e1ka prost\u011b svedla.\tPompeje nebyly jedin\u00fdm poh\u0159ben\u00fdm m\u011bstemSamotn\u00e1 existence tibetsk\u00e9 kultury byla ale velice ohro\u017eena p\u0159ed \u010dty\u0159mi tis\u00edci lety. Dalo by se \u0159\u00edci, \u017ee je postihla stejn\u00e1 katastrofa jako slavn\u00e9 Pompeje.o\u00a0\u00a0 Vesnice Laija byla zasyp\u00e1na proudem sn\u011bhu, ledu a bahna.o\u00a0\u00a0 Obrovsk\u00e1 masa laviny se dala do pohybu a brala s sebou v\u0161e, co st\u00e1lo v cest\u011b.o\u00a0\u00a0 K\u0159ik a zoufal\u00fd pl\u00e1\u010d po chv\u00edli utich\u00e1 pod bahenn\u00ed lavinou.Poz\u016fstatky, kter\u00e9 z\u016fstaly poh\u0159ben\u00e9 po dlouh\u00e1 stalet\u00ed, n\u00e1m d\u00e1vaj\u00ed mo\u017enost nahl\u00e9dnout do b\u011b\u017en\u00e9ho \u017eivota a alespo\u0148 odhadnout p\u016fvod tibetsk\u00e9ho n\u00e1roda.\u00b7\u00a0\u00a0\u00a0\u00a0\u00a0\u00a0\u00a0 Podle n\u011bkter\u00fdch historik\u016f jsou Tibe\u0165an\u00e9 v podstat\u011b \u010c\u00ed\u0148an\u00e9, kte\u0159\u00ed se odtrhli a \u017eili odd\u011blen\u011b.&#8211;\u00a0\u00a0\u00a0\u00a0\u00a0\u00a0\u00a0\u00a0 Pro \u010c\u00ednu je toto zji\u0161t\u011bn\u00ed jist\u011b velice v\u00edtan\u00e9.\u00b7\u00a0\u00a0\u00a0\u00a0\u00a0\u00a0\u00a0 S t\u00edmto tvrzen\u00edm souhlas\u00ed i jazykov\u011bdci, kte\u0159\u00ed dokazuj\u00ed, \u017ee oba jazyky maj\u00ed spole\u010dn\u00e9 ko\u0159eny.&#8211;\u00a0\u00a0\u00a0\u00a0\u00a0\u00a0\u00a0\u00a0 T\u00edm, \u017ee se ale od sebe p\u0159eci jen dost odli\u0161uj\u00ed, je pravd\u011bpodobn\u00e9, \u017ee k odlou\u010den\u00ed do\u0161lo p\u0159ed v\u00edce ne\u017e sedmi tis\u00edci lety.                                                                                                                                                                                                                                                                                                                                                                                        4\/5 - (6 votes)        "},{"@context":"https:\/\/schema.org\/","@type":"BreadcrumbList","itemListElement":[{"@type":"ListItem","position":1,"name":"Z\u00e1hady tibetsk\u00e9ho n\u00e1roda","item":"https:\/\/www.mapr.cz\/zahady-tibetskeho-naroda\/#breadcrumbitem"}]}]