[{"@context":"https:\/\/schema.org\/","@type":"Article","@id":"https:\/\/www.mapr.cz\/reseni-na-miru\/#Article","mainEntityOfPage":"https:\/\/www.mapr.cz\/reseni-na-miru\/","headline":"\u0158e\u0161en\u00ed na m\u00edru","name":"\u0158e\u0161en\u00ed na m\u00edru","description":"S firmou V\u011b\u0159\u00ed\u0161 se va\u0161e venkovn\u00ed posezen\u00ed prom\u011bn\u00ed v kout, kter\u00fd v\u00e1m budou v\u0161ichni z\u00e1vid\u011bt. Tato \u010desk\u00e1 firma se dlouhodob\u011b zam\u011b\u0159uje na zahradn\u00ed krby, grily &hellip; ","datePublished":"2023-07-17","dateModified":"2023-07-17","author":{"@type":"Person","@id":"https:\/\/www.mapr.cz\/author\/#Person","name":"","url":"https:\/\/www.mapr.cz\/author\/","identifier":1,"image":{"@type":"ImageObject","@id":"https:\/\/secure.gravatar.com\/avatar\/4e6a74466e4227c12d5306875d08720cdfce3572213740db6f4a2e5e46e710ff?s=96&d=mm&r=g","url":"https:\/\/secure.gravatar.com\/avatar\/4e6a74466e4227c12d5306875d08720cdfce3572213740db6f4a2e5e46e710ff?s=96&d=mm&r=g","height":96,"width":96}},"publisher":{"@type":"Organization","name":"mapr.cz","logo":{"@type":"ImageObject","@id":"\/logo.png","url":"\/logo.png","width":600,"height":60}},"url":"https:\/\/www.mapr.cz\/reseni-na-miru\/","wordCount":271,"articleBody":"S firmou V\u011b\u0159\u00ed\u0161 se va\u0161e venkovn\u00ed posezen\u00ed prom\u011bn\u00ed v kout, kter\u00fd v\u00e1m budou v\u0161ichni z\u00e1vid\u011bt. Tato \u010desk\u00e1 firma se dlouhodob\u011b zam\u011b\u0159uje na zahradn\u00ed krby, grily a spoustu dal\u0161\u00edch pot\u0159ebn\u00fdch dopl\u0148k\u016f. Jej\u00ed v\u00fdhodou je sd\u00edln\u00ed spole\u010dn\u00e9 l\u00e1sky se z\u00e1kazn\u00edky. Je to l\u00e1ska k dobr\u00e9mu j\u00eddlu, kter\u00e9 se p\u0159ipravuje venku. A na v\u0161ech nab\u00edzen\u00fdch modelech je to samoz\u0159ejm\u011b zn\u00e1t. Pokud se pro spolupr\u00e1ci s t\u011bmito profesion\u00e1ly rozhodnete, tak v\u00fdsledek bude st\u00e1t za to. Nechte si vyrobit tuto naprosto nepostradatelnou letn\u00ed v\u00fdbavu na m\u00edru. Na m\u00edru exteri\u00e9ru i sv\u00fdm p\u0159edstav\u00e1m a pot\u0159eb\u00e1m. Nikde jinde nic podobn\u00e9ho nenajdete.Setk\u00e1n\u00ed gurm\u00e1n\u016fL\u00e9to bez grilov\u00e1n\u00ed to je stejn\u00e9 jako bez koup\u00e1n\u00ed. Tak se zm\u011bnil n\u00e1\u0161 \u017eivotn\u00ed styl a tak se rozmohla tato z\u00e1liba poj\u00edd\u00e1n\u00ed a setk\u00e1v\u00e1n\u00ed, kter\u00e9mu pr\u00e1v\u011b letn\u00ed \u010das p\u0159eje nejv\u00edc. A tak nen\u00ed divu, \u017ee to vypad\u00e1 t\u00e9m\u011b\u0159 v\u0161ude stejn\u011b. Letn\u00ed podve\u010der, zahradn\u00ed krby jsou v pln\u00e9 pohotovosti, maso nalo\u017een\u00e9, v ledni\u010dce se chlad\u00ed pivko a p\u0159\u00e1tel\u00e9 pr\u00e1v\u011b p\u0159ich\u00e1zej\u00ed. Je to p\u0159\u00edjemn\u00e9 ob\u017eerstv\u00ed, kter\u00e9mu propadli skoro v\u0161ichni. Je to \u00fa\u017easn\u00e1 atmosf\u00e9ra p\u0159in\u00e1\u0161ej\u00edc\u00ed klid, pohodu a dobrou n\u00e1ladu. J\u00eddlem to za\u010d\u00edn\u00e1 a posezen\u00edm u p\u0159\u00e1telsk\u00e9ho ohn\u011b kon\u010d\u00ed. Bez n\u011bj by to rozhodn\u011b nebylo ono.                                                                                                                                                                                                                                                                                                                                                                                        4.3\/5 - (6 votes)        "},{"@context":"https:\/\/schema.org\/","@type":"BreadcrumbList","itemListElement":[{"@type":"ListItem","position":1,"name":"\u0158e\u0161en\u00ed na m\u00edru","item":"https:\/\/www.mapr.cz\/reseni-na-miru\/#breadcrumbitem"}]}]