[{"@context":"https:\/\/schema.org\/","@type":"Blog","@id":"https:\/\/www.mapr.cz#Blog","headline":"Mapr","description":"\nHazard\u00e9\u0159i v\u00a0dne\u0161n\u00ed dob\u011b utr\u00e1cej\u00ed v\u0161e, co si vyd\u011blaj\u00ed, hned. Ti rozumn\u00ed z\u00a0n\u00e1s si ale odkl\u00e1daj\u00ed aspo\u0148 n\u011bco na pozd\u011bji, \u010d\u00edm\u017e se u nich sni\u017euje riziko pot\u00ed\u017e\u00ed.","url":"https:\/\/www.mapr.cz","hasPart":[{"@type":"Article","@id":"https:\/\/www.mapr.cz\/pohodlne-na-sezeni\/","headline":"Pohodln\u00e9 na sezen\u00ed","url":"https:\/\/www.mapr.cz\/pohodlne-na-sezeni\/","datePublished":"2024-12-29","dateModified":"2024-12-29","mainEntityOfPage":"https:\/\/www.mapr.cz\/pohodlne-na-sezeni\/","author":{"@type":"Person","@id":"https:\/\/www.mapr.cz\/author\/#Person","name":"","url":"https:\/\/www.mapr.cz\/author\/","identifier":1,"image":{"@type":"ImageObject","@id":"https:\/\/secure.gravatar.com\/avatar\/4e6a74466e4227c12d5306875d08720cdfce3572213740db6f4a2e5e46e710ff?s=96&d=mm&r=g","url":"https:\/\/secure.gravatar.com\/avatar\/4e6a74466e4227c12d5306875d08720cdfce3572213740db6f4a2e5e46e710ff?s=96&d=mm&r=g","height":96,"width":96}},"publisher":{"@type":"Organization","name":"mapr.cz","logo":{"@type":"ImageObject","@id":"\/logo.png","url":"\/logo.png","width":600,"height":60}},"image":null,"wordCount":214,"keywords":null},{"@type":"Article","@id":"https:\/\/www.mapr.cz\/dopady-problemu-s-erekci-na-zivot\/","headline":"Dopady probl\u00e9m\u016f s erekc\u00ed na \u017eivot","url":"https:\/\/www.mapr.cz\/dopady-problemu-s-erekci-na-zivot\/","datePublished":"2024-12-22","dateModified":"2024-12-22","mainEntityOfPage":"https:\/\/www.mapr.cz\/dopady-problemu-s-erekci-na-zivot\/","author":{"@type":"Person","@id":"https:\/\/www.mapr.cz\/author\/#Person","name":"","url":"https:\/\/www.mapr.cz\/author\/","identifier":1,"image":{"@type":"ImageObject","@id":"https:\/\/secure.gravatar.com\/avatar\/4e6a74466e4227c12d5306875d08720cdfce3572213740db6f4a2e5e46e710ff?s=96&d=mm&r=g","url":"https:\/\/secure.gravatar.com\/avatar\/4e6a74466e4227c12d5306875d08720cdfce3572213740db6f4a2e5e46e710ff?s=96&d=mm&r=g","height":96,"width":96}},"publisher":{"@type":"Organization","name":"mapr.cz","logo":{"@type":"ImageObject","@id":"\/logo.png","url":"\/logo.png","width":600,"height":60}},"image":{"@type":"ImageObject","@id":"https:\/\/www.mapr.cz\/wp-content\/uploads\/deon-black-6RkNQUEaj7Q-unsplash_5.jpg","url":"https:\/\/www.mapr.cz\/wp-content\/uploads\/deon-black-6RkNQUEaj7Q-unsplash_5.jpg","height":0,"width":0},"wordCount":555,"keywords":null},{"@type":"Article","@id":"https:\/\/www.mapr.cz\/sauny\/","headline":"Sauny","url":"https:\/\/www.mapr.cz\/sauny\/","datePublished":"2024-12-21","dateModified":"2024-12-21","mainEntityOfPage":"https:\/\/www.mapr.cz\/sauny\/","author":{"@type":"Person","@id":"https:\/\/www.mapr.cz\/author\/#Person","name":"","url":"https:\/\/www.mapr.cz\/author\/","identifier":1,"image":{"@type":"ImageObject","@id":"https:\/\/secure.gravatar.com\/avatar\/4e6a74466e4227c12d5306875d08720cdfce3572213740db6f4a2e5e46e710ff?s=96&d=mm&r=g","url":"https:\/\/secure.gravatar.com\/avatar\/4e6a74466e4227c12d5306875d08720cdfce3572213740db6f4a2e5e46e710ff?s=96&d=mm&r=g","height":96,"width":96}},"publisher":{"@type":"Organization","name":"mapr.cz","logo":{"@type":"ImageObject","@id":"\/logo.png","url":"\/logo.png","width":600,"height":60}},"image":null,"wordCount":226,"keywords":null},{"@type":"Article","@id":"https:\/\/www.mapr.cz\/k-cemu-vyuzit-vozidlo-z-prazske-autopujcovny\/","headline":"K \u010demu vyu\u017e\u00edt vozidlo z pra\u017esk\u00e9 autop\u016fj\u010dovny","url":"https:\/\/www.mapr.cz\/k-cemu-vyuzit-vozidlo-z-prazske-autopujcovny\/","datePublished":"2024-12-14","dateModified":"2024-12-14","mainEntityOfPage":"https:\/\/www.mapr.cz\/k-cemu-vyuzit-vozidlo-z-prazske-autopujcovny\/","author":{"@type":"Person","@id":"https:\/\/www.mapr.cz\/author\/#Person","name":"","url":"https:\/\/www.mapr.cz\/author\/","identifier":1,"image":{"@type":"ImageObject","@id":"https:\/\/secure.gravatar.com\/avatar\/4e6a74466e4227c12d5306875d08720cdfce3572213740db6f4a2e5e46e710ff?s=96&d=mm&r=g","url":"https:\/\/secure.gravatar.com\/avatar\/4e6a74466e4227c12d5306875d08720cdfce3572213740db6f4a2e5e46e710ff?s=96&d=mm&r=g","height":96,"width":96}},"publisher":{"@type":"Organization","name":"mapr.cz","logo":{"@type":"ImageObject","@id":"\/logo.png","url":"\/logo.png","width":600,"height":60}},"image":{"@type":"ImageObject","@id":"https:\/\/www.mapr.cz\/wp-content\/uploads\/road-4510033_640_2.jpg","url":"https:\/\/www.mapr.cz\/wp-content\/uploads\/road-4510033_640_2.jpg","height":0,"width":0},"wordCount":546,"keywords":null},{"@type":"Article","@id":"https:\/\/www.mapr.cz\/facebook-google-twitter\/","headline":"Facebook, Google, Twitter\u2026.","url":"https:\/\/www.mapr.cz\/facebook-google-twitter\/","datePublished":"2024-12-14","dateModified":"2024-12-14","mainEntityOfPage":"https:\/\/www.mapr.cz\/facebook-google-twitter\/","author":{"@type":"Person","@id":"https:\/\/www.mapr.cz\/author\/#Person","name":"","url":"https:\/\/www.mapr.cz\/author\/","identifier":1,"image":{"@type":"ImageObject","@id":"https:\/\/secure.gravatar.com\/avatar\/4e6a74466e4227c12d5306875d08720cdfce3572213740db6f4a2e5e46e710ff?s=96&d=mm&r=g","url":"https:\/\/secure.gravatar.com\/avatar\/4e6a74466e4227c12d5306875d08720cdfce3572213740db6f4a2e5e46e710ff?s=96&d=mm&r=g","height":96,"width":96}},"publisher":{"@type":"Organization","name":"mapr.cz","logo":{"@type":"ImageObject","@id":"\/logo.png","url":"\/logo.png","width":600,"height":60}},"image":null,"wordCount":221,"keywords":null},{"@type":"Article","@id":"https:\/\/www.mapr.cz\/s-nami-ziskate-teple-jidlo-az-do-vasich-domovu\/","headline":"S n\u00e1mi z\u00edsk\u00e1te tepl\u00e9 j\u00eddlo a\u017e do va\u0161ich domov\u016f","url":"https:\/\/www.mapr.cz\/s-nami-ziskate-teple-jidlo-az-do-vasich-domovu\/","datePublished":"2024-12-09","dateModified":"2024-12-09","mainEntityOfPage":"https:\/\/www.mapr.cz\/s-nami-ziskate-teple-jidlo-az-do-vasich-domovu\/","author":{"@type":"Person","@id":"https:\/\/www.mapr.cz\/author\/#Person","name":"","url":"https:\/\/www.mapr.cz\/author\/","identifier":1,"image":{"@type":"ImageObject","@id":"https:\/\/secure.gravatar.com\/avatar\/4e6a74466e4227c12d5306875d08720cdfce3572213740db6f4a2e5e46e710ff?s=96&d=mm&r=g","url":"https:\/\/secure.gravatar.com\/avatar\/4e6a74466e4227c12d5306875d08720cdfce3572213740db6f4a2e5e46e710ff?s=96&d=mm&r=g","height":96,"width":96}},"publisher":{"@type":"Organization","name":"mapr.cz","logo":{"@type":"ImageObject","@id":"\/logo.png","url":"\/logo.png","width":600,"height":60}},"image":null,"wordCount":219,"keywords":null},{"@type":"Article","@id":"https:\/\/www.mapr.cz\/abyste-nebyli-stejni-jako-vsichni-ostatni\/","headline":"Abyste nebyli stejn\u00ed, jako v\u0161ichni ostatn\u00ed","url":"https:\/\/www.mapr.cz\/abyste-nebyli-stejni-jako-vsichni-ostatni\/","datePublished":"2024-11-30","dateModified":"2024-11-30","mainEntityOfPage":"https:\/\/www.mapr.cz\/abyste-nebyli-stejni-jako-vsichni-ostatni\/","author":{"@type":"Person","@id":"https:\/\/www.mapr.cz\/author\/#Person","name":"","url":"https:\/\/www.mapr.cz\/author\/","identifier":1,"image":{"@type":"ImageObject","@id":"https:\/\/secure.gravatar.com\/avatar\/4e6a74466e4227c12d5306875d08720cdfce3572213740db6f4a2e5e46e710ff?s=96&d=mm&r=g","url":"https:\/\/secure.gravatar.com\/avatar\/4e6a74466e4227c12d5306875d08720cdfce3572213740db6f4a2e5e46e710ff?s=96&d=mm&r=g","height":96,"width":96}},"publisher":{"@type":"Organization","name":"mapr.cz","logo":{"@type":"ImageObject","@id":"\/logo.png","url":"\/logo.png","width":600,"height":60}},"image":null,"wordCount":219,"keywords":null},{"@type":"Article","@id":"https:\/\/www.mapr.cz\/date-si-dymku\/","headline":"D\u00e1te si d\u00fdmku?","url":"https:\/\/www.mapr.cz\/date-si-dymku\/","datePublished":"2024-11-28","dateModified":"2024-11-28","mainEntityOfPage":"https:\/\/www.mapr.cz\/date-si-dymku\/","author":{"@type":"Person","@id":"https:\/\/www.mapr.cz\/author\/#Person","name":"","url":"https:\/\/www.mapr.cz\/author\/","identifier":1,"image":{"@type":"ImageObject","@id":"https:\/\/secure.gravatar.com\/avatar\/4e6a74466e4227c12d5306875d08720cdfce3572213740db6f4a2e5e46e710ff?s=96&d=mm&r=g","url":"https:\/\/secure.gravatar.com\/avatar\/4e6a74466e4227c12d5306875d08720cdfce3572213740db6f4a2e5e46e710ff?s=96&d=mm&r=g","height":96,"width":96}},"publisher":{"@type":"Organization","name":"mapr.cz","logo":{"@type":"ImageObject","@id":"\/logo.png","url":"\/logo.png","width":600,"height":60}},"image":{"@type":"ImageObject","@id":"https:\/\/www.mapr.cz\/wp-content\/uploads\/hookah-4982319_640_10_1.jpg","url":"https:\/\/www.mapr.cz\/wp-content\/uploads\/hookah-4982319_640_10_1.jpg","height":0,"width":0},"wordCount":561,"keywords":null},{"@type":"Article","@id":"https:\/\/www.mapr.cz\/kraftovy-papir-pro-ekologicke-baleni\/","headline":"Kraftov\u00fd pap\u00edr pro ekologick\u00e9 balen\u00ed","url":"https:\/\/www.mapr.cz\/kraftovy-papir-pro-ekologicke-baleni\/","datePublished":"2024-11-27","dateModified":"2024-11-27","mainEntityOfPage":"https:\/\/www.mapr.cz\/kraftovy-papir-pro-ekologicke-baleni\/","author":{"@type":"Person","@id":"https:\/\/www.mapr.cz\/author\/#Person","name":"","url":"https:\/\/www.mapr.cz\/author\/","identifier":1,"image":{"@type":"ImageObject","@id":"https:\/\/secure.gravatar.com\/avatar\/4e6a74466e4227c12d5306875d08720cdfce3572213740db6f4a2e5e46e710ff?s=96&d=mm&r=g","url":"https:\/\/secure.gravatar.com\/avatar\/4e6a74466e4227c12d5306875d08720cdfce3572213740db6f4a2e5e46e710ff?s=96&d=mm&r=g","height":96,"width":96}},"publisher":{"@type":"Organization","name":"mapr.cz","logo":{"@type":"ImageObject","@id":"\/logo.png","url":"\/logo.png","width":600,"height":60}},"image":{"@type":"ImageObject","@id":"https:\/\/www.mapr.cz\/wp-content\/uploads\/delivery-5585969_640_10_10_10_7.jpg","url":"https:\/\/www.mapr.cz\/wp-content\/uploads\/delivery-5585969_640_10_10_10_7.jpg","height":0,"width":0},"wordCount":647,"keywords":null},{"@type":"Article","@id":"https:\/\/www.mapr.cz\/pro-vase-prakticke-domovy\/","headline":"Pro va\u0161e praktick\u00e9 domovy","url":"https:\/\/www.mapr.cz\/pro-vase-prakticke-domovy\/","datePublished":"2024-11-26","dateModified":"2024-11-26","mainEntityOfPage":"https:\/\/www.mapr.cz\/pro-vase-prakticke-domovy\/","author":{"@type":"Person","@id":"https:\/\/www.mapr.cz\/author\/#Person","name":"","url":"https:\/\/www.mapr.cz\/author\/","identifier":1,"image":{"@type":"ImageObject","@id":"https:\/\/secure.gravatar.com\/avatar\/4e6a74466e4227c12d5306875d08720cdfce3572213740db6f4a2e5e46e710ff?s=96&d=mm&r=g","url":"https:\/\/secure.gravatar.com\/avatar\/4e6a74466e4227c12d5306875d08720cdfce3572213740db6f4a2e5e46e710ff?s=96&d=mm&r=g","height":96,"width":96}},"publisher":{"@type":"Organization","name":"mapr.cz","logo":{"@type":"ImageObject","@id":"\/logo.png","url":"\/logo.png","width":600,"height":60}},"image":null,"wordCount":2124,"keywords":null}]},{"@context":"https:\/\/schema.org","@type":"WebSite","@id":"https:\/\/www.mapr.cz\/#website","name":"Mapr","url":"https:\/\/www.mapr.cz","potentialAction":{"@type":"SearchAction","target":"https:\/\/www.mapr.cz\/?s={search_term_string}","query-input":"required name=search_term_string"}}]