[{"@context":"https:\/\/schema.org\/","@type":"Blog","@id":"https:\/\/www.mapr.cz#Blog","headline":"Mapr","description":"\nHazard\u00e9\u0159i v\u00a0dne\u0161n\u00ed dob\u011b utr\u00e1cej\u00ed v\u0161e, co si vyd\u011blaj\u00ed, hned. Ti rozumn\u00ed z\u00a0n\u00e1s si ale odkl\u00e1daj\u00ed aspo\u0148 n\u011bco na pozd\u011bji, \u010d\u00edm\u017e se u nich sni\u017euje riziko pot\u00ed\u017e\u00ed.","url":"https:\/\/www.mapr.cz","hasPart":[{"@type":"Article","@id":"https:\/\/www.mapr.cz\/kocka-vyzaduje-predevsim-specificke-a-kvalitni-krmivo\/","headline":"Ko\u010dka vy\u017eaduje p\u0159edev\u0161\u00edm specifick\u00e9 a kvalitn\u00ed krmivo","url":"https:\/\/www.mapr.cz\/kocka-vyzaduje-predevsim-specificke-a-kvalitni-krmivo\/","datePublished":"2025-03-02","dateModified":"2025-03-02","mainEntityOfPage":"https:\/\/www.mapr.cz\/kocka-vyzaduje-predevsim-specificke-a-kvalitni-krmivo\/","author":{"@type":"Person","@id":"https:\/\/www.mapr.cz\/author\/#Person","name":"","url":"https:\/\/www.mapr.cz\/author\/","identifier":1,"image":{"@type":"ImageObject","@id":"https:\/\/secure.gravatar.com\/avatar\/4e6a74466e4227c12d5306875d08720cdfce3572213740db6f4a2e5e46e710ff?s=96&d=mm&r=g","url":"https:\/\/secure.gravatar.com\/avatar\/4e6a74466e4227c12d5306875d08720cdfce3572213740db6f4a2e5e46e710ff?s=96&d=mm&r=g","height":96,"width":96}},"publisher":{"@type":"Organization","name":"mapr.cz","logo":{"@type":"ImageObject","@id":"\/logo.png","url":"\/logo.png","width":600,"height":60}},"image":{"@type":"ImageObject","@id":"https:\/\/www.mapr.cz\/wp-content\/uploads\/img_a306491_w1929_t1517823471.jpg","url":"https:\/\/www.mapr.cz\/wp-content\/uploads\/img_a306491_w1929_t1517823471.jpg","height":0,"width":0},"wordCount":745,"keywords":null},{"@type":"Article","@id":"https:\/\/www.mapr.cz\/napady-na-dovolenou-v-ceske-republice-hory-historie-kultura-i-sportovni-vyziti\/","headline":"N\u00e1pady na dovolenou v \u010cesk\u00e9 republice: hory, historie, kultura i sportovn\u00ed vy\u017eit\u00ed","url":"https:\/\/www.mapr.cz\/napady-na-dovolenou-v-ceske-republice-hory-historie-kultura-i-sportovni-vyziti\/","datePublished":"2025-03-01","dateModified":"2025-03-01","mainEntityOfPage":"https:\/\/www.mapr.cz\/napady-na-dovolenou-v-ceske-republice-hory-historie-kultura-i-sportovni-vyziti\/","author":{"@type":"Person","@id":"https:\/\/www.mapr.cz\/author\/#Person","name":"","url":"https:\/\/www.mapr.cz\/author\/","identifier":1,"image":{"@type":"ImageObject","@id":"https:\/\/secure.gravatar.com\/avatar\/4e6a74466e4227c12d5306875d08720cdfce3572213740db6f4a2e5e46e710ff?s=96&d=mm&r=g","url":"https:\/\/secure.gravatar.com\/avatar\/4e6a74466e4227c12d5306875d08720cdfce3572213740db6f4a2e5e46e710ff?s=96&d=mm&r=g","height":96,"width":96}},"publisher":{"@type":"Organization","name":"mapr.cz","logo":{"@type":"ImageObject","@id":"\/logo.png","url":"\/logo.png","width":600,"height":60}},"image":{"@type":"ImageObject","@id":"https:\/\/www.mapr.cz\/wp-content\/uploads\/img_a288468_w2045_t1498829239.jpg","url":"https:\/\/www.mapr.cz\/wp-content\/uploads\/img_a288468_w2045_t1498829239.jpg","height":0,"width":0},"wordCount":529,"keywords":null},{"@type":"Article","@id":"https:\/\/www.mapr.cz\/sibirsky-denik\/","headline":"Sibi\u0159sk\u00fd den\u00edk","url":"https:\/\/www.mapr.cz\/sibirsky-denik\/","datePublished":"2025-02-28","dateModified":"2025-02-28","mainEntityOfPage":"https:\/\/www.mapr.cz\/sibirsky-denik\/","author":{"@type":"Person","@id":"https:\/\/www.mapr.cz\/author\/#Person","name":"","url":"https:\/\/www.mapr.cz\/author\/","identifier":1,"image":{"@type":"ImageObject","@id":"https:\/\/secure.gravatar.com\/avatar\/4e6a74466e4227c12d5306875d08720cdfce3572213740db6f4a2e5e46e710ff?s=96&d=mm&r=g","url":"https:\/\/secure.gravatar.com\/avatar\/4e6a74466e4227c12d5306875d08720cdfce3572213740db6f4a2e5e46e710ff?s=96&d=mm&r=g","height":96,"width":96}},"publisher":{"@type":"Organization","name":"mapr.cz","logo":{"@type":"ImageObject","@id":"\/logo.png","url":"\/logo.png","width":600,"height":60}},"image":{"@type":"ImageObject","@id":"https:\/\/www.mapr.cz\/wp-content\/uploads\/img_a288064_w2020_t1498573368.jpg","url":"https:\/\/www.mapr.cz\/wp-content\/uploads\/img_a288064_w2020_t1498573368.jpg","height":0,"width":0},"wordCount":545,"keywords":null},{"@type":"Article","@id":"https:\/\/www.mapr.cz\/sauna-praha\/","headline":"Sauna Praha","url":"https:\/\/www.mapr.cz\/sauna-praha\/","datePublished":"2025-02-28","dateModified":"2025-02-28","mainEntityOfPage":"https:\/\/www.mapr.cz\/sauna-praha\/","author":{"@type":"Person","@id":"https:\/\/www.mapr.cz\/author\/#Person","name":"","url":"https:\/\/www.mapr.cz\/author\/","identifier":1,"image":{"@type":"ImageObject","@id":"https:\/\/secure.gravatar.com\/avatar\/4e6a74466e4227c12d5306875d08720cdfce3572213740db6f4a2e5e46e710ff?s=96&d=mm&r=g","url":"https:\/\/secure.gravatar.com\/avatar\/4e6a74466e4227c12d5306875d08720cdfce3572213740db6f4a2e5e46e710ff?s=96&d=mm&r=g","height":96,"width":96}},"publisher":{"@type":"Organization","name":"mapr.cz","logo":{"@type":"ImageObject","@id":"\/logo.png","url":"\/logo.png","width":600,"height":60}},"image":null,"wordCount":246,"keywords":null},{"@type":"Article","@id":"https:\/\/www.mapr.cz\/ve-zdravem-tele-zdravy-duch\/","headline":"Ve zdrav\u00e9m t\u011ble zdrav\u00fd duch!","url":"https:\/\/www.mapr.cz\/ve-zdravem-tele-zdravy-duch\/","datePublished":"2025-02-27","dateModified":"2025-02-27","mainEntityOfPage":"https:\/\/www.mapr.cz\/ve-zdravem-tele-zdravy-duch\/","author":{"@type":"Person","@id":"https:\/\/www.mapr.cz\/author\/#Person","name":"","url":"https:\/\/www.mapr.cz\/author\/","identifier":1,"image":{"@type":"ImageObject","@id":"https:\/\/secure.gravatar.com\/avatar\/4e6a74466e4227c12d5306875d08720cdfce3572213740db6f4a2e5e46e710ff?s=96&d=mm&r=g","url":"https:\/\/secure.gravatar.com\/avatar\/4e6a74466e4227c12d5306875d08720cdfce3572213740db6f4a2e5e46e710ff?s=96&d=mm&r=g","height":96,"width":96}},"publisher":{"@type":"Organization","name":"mapr.cz","logo":{"@type":"ImageObject","@id":"\/logo.png","url":"\/logo.png","width":600,"height":60}},"image":{"@type":"ImageObject","@id":"https:\/\/www.mapr.cz\/wp-content\/uploads\/img_a289270_w2156_t1500672185.jpg","url":"https:\/\/www.mapr.cz\/wp-content\/uploads\/img_a289270_w2156_t1500672185.jpg","height":0,"width":0},"wordCount":617,"keywords":null},{"@type":"Article","@id":"https:\/\/www.mapr.cz\/rozveselte-se-s-profesionaly\/","headline":"Rozveselte se s profesion\u00e1ly!","url":"https:\/\/www.mapr.cz\/rozveselte-se-s-profesionaly\/","datePublished":"2025-02-27","dateModified":"2025-02-27","mainEntityOfPage":"https:\/\/www.mapr.cz\/rozveselte-se-s-profesionaly\/","author":{"@type":"Person","@id":"https:\/\/www.mapr.cz\/author\/#Person","name":"","url":"https:\/\/www.mapr.cz\/author\/","identifier":1,"image":{"@type":"ImageObject","@id":"https:\/\/secure.gravatar.com\/avatar\/4e6a74466e4227c12d5306875d08720cdfce3572213740db6f4a2e5e46e710ff?s=96&d=mm&r=g","url":"https:\/\/secure.gravatar.com\/avatar\/4e6a74466e4227c12d5306875d08720cdfce3572213740db6f4a2e5e46e710ff?s=96&d=mm&r=g","height":96,"width":96}},"publisher":{"@type":"Organization","name":"mapr.cz","logo":{"@type":"ImageObject","@id":"\/logo.png","url":"\/logo.png","width":600,"height":60}},"image":{"@type":"ImageObject","@id":"https:\/\/www.mapr.cz\/wp-content\/uploads\/img_a295202_w2061_t1506759210.jpg","url":"https:\/\/www.mapr.cz\/wp-content\/uploads\/img_a295202_w2061_t1506759210.jpg","height":0,"width":0},"wordCount":638,"keywords":null},{"@type":"Article","@id":"https:\/\/www.mapr.cz\/normalni-je-nefotit\/","headline":"Norm\u00e1ln\u00ed je nefotit","url":"https:\/\/www.mapr.cz\/normalni-je-nefotit\/","datePublished":"2025-02-25","dateModified":"2025-02-25","mainEntityOfPage":"https:\/\/www.mapr.cz\/normalni-je-nefotit\/","author":{"@type":"Person","@id":"https:\/\/www.mapr.cz\/author\/#Person","name":"","url":"https:\/\/www.mapr.cz\/author\/","identifier":1,"image":{"@type":"ImageObject","@id":"https:\/\/secure.gravatar.com\/avatar\/4e6a74466e4227c12d5306875d08720cdfce3572213740db6f4a2e5e46e710ff?s=96&d=mm&r=g","url":"https:\/\/secure.gravatar.com\/avatar\/4e6a74466e4227c12d5306875d08720cdfce3572213740db6f4a2e5e46e710ff?s=96&d=mm&r=g","height":96,"width":96}},"publisher":{"@type":"Organization","name":"mapr.cz","logo":{"@type":"ImageObject","@id":"\/logo.png","url":"\/logo.png","width":600,"height":60}},"image":{"@type":"ImageObject","@id":"https:\/\/www.mapr.cz\/wp-content\/uploads\/img_a306483_w2184_t1517822389.jpg","url":"https:\/\/www.mapr.cz\/wp-content\/uploads\/img_a306483_w2184_t1517822389.jpg","height":0,"width":0},"wordCount":516,"keywords":null},{"@type":"Article","@id":"https:\/\/www.mapr.cz\/pochutnejte-si-na-cukete\/","headline":"Pochutnejte si na cuket\u011b","url":"https:\/\/www.mapr.cz\/pochutnejte-si-na-cukete\/","datePublished":"2025-02-25","dateModified":"2025-02-25","mainEntityOfPage":"https:\/\/www.mapr.cz\/pochutnejte-si-na-cukete\/","author":{"@type":"Person","@id":"https:\/\/www.mapr.cz\/author\/#Person","name":"","url":"https:\/\/www.mapr.cz\/author\/","identifier":1,"image":{"@type":"ImageObject","@id":"https:\/\/secure.gravatar.com\/avatar\/4e6a74466e4227c12d5306875d08720cdfce3572213740db6f4a2e5e46e710ff?s=96&d=mm&r=g","url":"https:\/\/secure.gravatar.com\/avatar\/4e6a74466e4227c12d5306875d08720cdfce3572213740db6f4a2e5e46e710ff?s=96&d=mm&r=g","height":96,"width":96}},"publisher":{"@type":"Organization","name":"mapr.cz","logo":{"@type":"ImageObject","@id":"\/logo.png","url":"\/logo.png","width":600,"height":60}},"image":{"@type":"ImageObject","@id":"https:\/\/www.mapr.cz\/wp-content\/uploads\/img_a292407_w2086_t1504812722.jpg","url":"https:\/\/www.mapr.cz\/wp-content\/uploads\/img_a292407_w2086_t1504812722.jpg","height":0,"width":0},"wordCount":537,"keywords":null},{"@type":"Article","@id":"https:\/\/www.mapr.cz\/chcete-nova-plastova-okna\/","headline":"Chcete nov\u00e1 plastov\u00e1 okna?","url":"https:\/\/www.mapr.cz\/chcete-nova-plastova-okna\/","datePublished":"2025-02-24","dateModified":"2025-02-24","mainEntityOfPage":"https:\/\/www.mapr.cz\/chcete-nova-plastova-okna\/","author":{"@type":"Person","@id":"https:\/\/www.mapr.cz\/author\/#Person","name":"","url":"https:\/\/www.mapr.cz\/author\/","identifier":1,"image":{"@type":"ImageObject","@id":"https:\/\/secure.gravatar.com\/avatar\/4e6a74466e4227c12d5306875d08720cdfce3572213740db6f4a2e5e46e710ff?s=96&d=mm&r=g","url":"https:\/\/secure.gravatar.com\/avatar\/4e6a74466e4227c12d5306875d08720cdfce3572213740db6f4a2e5e46e710ff?s=96&d=mm&r=g","height":96,"width":96}},"publisher":{"@type":"Organization","name":"mapr.cz","logo":{"@type":"ImageObject","@id":"\/logo.png","url":"\/logo.png","width":600,"height":60}},"image":null,"wordCount":236,"keywords":null},{"@type":"Article","@id":"https:\/\/www.mapr.cz\/tipy-na-adventni-vyzdobu\/","headline":"Tipy na adventn\u00ed v\u00fdzdobu","url":"https:\/\/www.mapr.cz\/tipy-na-adventni-vyzdobu\/","datePublished":"2025-02-22","dateModified":"2025-02-22","mainEntityOfPage":"https:\/\/www.mapr.cz\/tipy-na-adventni-vyzdobu\/","author":{"@type":"Person","@id":"https:\/\/www.mapr.cz\/author\/#Person","name":"","url":"https:\/\/www.mapr.cz\/author\/","identifier":1,"image":{"@type":"ImageObject","@id":"https:\/\/secure.gravatar.com\/avatar\/4e6a74466e4227c12d5306875d08720cdfce3572213740db6f4a2e5e46e710ff?s=96&d=mm&r=g","url":"https:\/\/secure.gravatar.com\/avatar\/4e6a74466e4227c12d5306875d08720cdfce3572213740db6f4a2e5e46e710ff?s=96&d=mm&r=g","height":96,"width":96}},"publisher":{"@type":"Organization","name":"mapr.cz","logo":{"@type":"ImageObject","@id":"\/logo.png","url":"\/logo.png","width":600,"height":60}},"image":{"@type":"ImageObject","@id":"https:\/\/www.mapr.cz\/wp-content\/uploads\/img_a300003_w2298_t1510082929.jpg","url":"https:\/\/www.mapr.cz\/wp-content\/uploads\/img_a300003_w2298_t1510082929.jpg","height":0,"width":0},"wordCount":553,"keywords":null}]},{"@context":"https:\/\/schema.org","@type":"WebSite","@id":"https:\/\/www.mapr.cz\/#website","name":"Mapr","url":"https:\/\/www.mapr.cz","potentialAction":{"@type":"SearchAction","target":"https:\/\/www.mapr.cz\/?s={search_term_string}","query-input":"required name=search_term_string"}}]