[{"@context":"https:\/\/schema.org\/","@type":"Blog","@id":"https:\/\/www.mapr.cz#Blog","headline":"Mapr","description":"\nHazard\u00e9\u0159i v\u00a0dne\u0161n\u00ed dob\u011b utr\u00e1cej\u00ed v\u0161e, co si vyd\u011blaj\u00ed, hned. Ti rozumn\u00ed z\u00a0n\u00e1s si ale odkl\u00e1daj\u00ed aspo\u0148 n\u011bco na pozd\u011bji, \u010d\u00edm\u017e se u nich sni\u017euje riziko pot\u00ed\u017e\u00ed.","url":"https:\/\/www.mapr.cz","hasPart":[{"@type":"Article","@id":"https:\/\/www.mapr.cz\/vazme-si-zvirat-a-zivota\/","headline":"Va\u017eme si zv\u00ed\u0159at a \u017eivota","url":"https:\/\/www.mapr.cz\/vazme-si-zvirat-a-zivota\/","datePublished":"2025-03-20","dateModified":"2025-03-20","mainEntityOfPage":"https:\/\/www.mapr.cz\/vazme-si-zvirat-a-zivota\/","author":{"@type":"Person","@id":"https:\/\/www.mapr.cz\/author\/#Person","name":"","url":"https:\/\/www.mapr.cz\/author\/","identifier":1,"image":{"@type":"ImageObject","@id":"https:\/\/secure.gravatar.com\/avatar\/4e6a74466e4227c12d5306875d08720cdfce3572213740db6f4a2e5e46e710ff?s=96&d=mm&r=g","url":"https:\/\/secure.gravatar.com\/avatar\/4e6a74466e4227c12d5306875d08720cdfce3572213740db6f4a2e5e46e710ff?s=96&d=mm&r=g","height":96,"width":96}},"publisher":{"@type":"Organization","name":"mapr.cz","logo":{"@type":"ImageObject","@id":"\/logo.png","url":"\/logo.png","width":600,"height":60}},"image":{"@type":"ImageObject","@id":"https:\/\/www.mapr.cz\/wp-content\/uploads\/img_a311906_w2058_t1522953410.jpg","url":"https:\/\/www.mapr.cz\/wp-content\/uploads\/img_a311906_w2058_t1522953410.jpg","height":0,"width":0},"wordCount":482,"keywords":null},{"@type":"Article","@id":"https:\/\/www.mapr.cz\/cigareta-ktera-vam-vydrzi-velice-dlouho\/","headline":"Cigareta, kter\u00e1 v\u00e1m vydr\u017e\u00ed velice dlouho","url":"https:\/\/www.mapr.cz\/cigareta-ktera-vam-vydrzi-velice-dlouho\/","datePublished":"2025-03-15","dateModified":"2025-03-15","mainEntityOfPage":"https:\/\/www.mapr.cz\/cigareta-ktera-vam-vydrzi-velice-dlouho\/","author":{"@type":"Person","@id":"https:\/\/www.mapr.cz\/author\/#Person","name":"","url":"https:\/\/www.mapr.cz\/author\/","identifier":1,"image":{"@type":"ImageObject","@id":"https:\/\/secure.gravatar.com\/avatar\/4e6a74466e4227c12d5306875d08720cdfce3572213740db6f4a2e5e46e710ff?s=96&d=mm&r=g","url":"https:\/\/secure.gravatar.com\/avatar\/4e6a74466e4227c12d5306875d08720cdfce3572213740db6f4a2e5e46e710ff?s=96&d=mm&r=g","height":96,"width":96}},"publisher":{"@type":"Organization","name":"mapr.cz","logo":{"@type":"ImageObject","@id":"\/logo.png","url":"\/logo.png","width":600,"height":60}},"image":null,"wordCount":241,"keywords":null},{"@type":"Article","@id":"https:\/\/www.mapr.cz\/zprostredkujeme-ubytovani-v-soukromi\/","headline":"Zprost\u0159edkujeme ubytov\u00e1n\u00ed v soukrom\u00ed","url":"https:\/\/www.mapr.cz\/zprostredkujeme-ubytovani-v-soukromi\/","datePublished":"2025-03-09","dateModified":"2025-03-09","mainEntityOfPage":"https:\/\/www.mapr.cz\/zprostredkujeme-ubytovani-v-soukromi\/","author":{"@type":"Person","@id":"https:\/\/www.mapr.cz\/author\/#Person","name":"","url":"https:\/\/www.mapr.cz\/author\/","identifier":1,"image":{"@type":"ImageObject","@id":"https:\/\/secure.gravatar.com\/avatar\/4e6a74466e4227c12d5306875d08720cdfce3572213740db6f4a2e5e46e710ff?s=96&d=mm&r=g","url":"https:\/\/secure.gravatar.com\/avatar\/4e6a74466e4227c12d5306875d08720cdfce3572213740db6f4a2e5e46e710ff?s=96&d=mm&r=g","height":96,"width":96}},"publisher":{"@type":"Organization","name":"mapr.cz","logo":{"@type":"ImageObject","@id":"\/logo.png","url":"\/logo.png","width":600,"height":60}},"image":null,"wordCount":233,"keywords":null},{"@type":"Article","@id":"https:\/\/www.mapr.cz\/damska-obuv\/","headline":"D\u00e1msk\u00e1 obuv","url":"https:\/\/www.mapr.cz\/damska-obuv\/","datePublished":"2025-03-07","dateModified":"2025-03-07","mainEntityOfPage":"https:\/\/www.mapr.cz\/damska-obuv\/","author":{"@type":"Person","@id":"https:\/\/www.mapr.cz\/author\/#Person","name":"","url":"https:\/\/www.mapr.cz\/author\/","identifier":1,"image":{"@type":"ImageObject","@id":"https:\/\/secure.gravatar.com\/avatar\/4e6a74466e4227c12d5306875d08720cdfce3572213740db6f4a2e5e46e710ff?s=96&d=mm&r=g","url":"https:\/\/secure.gravatar.com\/avatar\/4e6a74466e4227c12d5306875d08720cdfce3572213740db6f4a2e5e46e710ff?s=96&d=mm&r=g","height":96,"width":96}},"publisher":{"@type":"Organization","name":"mapr.cz","logo":{"@type":"ImageObject","@id":"\/logo.png","url":"\/logo.png","width":600,"height":60}},"image":{"@type":"ImageObject","@id":"https:\/\/www.mapr.cz\/wp-content\/uploads\/img_a299125_w2056_t1509176354.jpg","url":"https:\/\/www.mapr.cz\/wp-content\/uploads\/img_a299125_w2056_t1509176354.jpg","height":0,"width":0},"wordCount":487,"keywords":null},{"@type":"Article","@id":"https:\/\/www.mapr.cz\/zahady-tibetskeho-naroda\/","headline":"Z\u00e1hady tibetsk\u00e9ho n\u00e1roda","url":"https:\/\/www.mapr.cz\/zahady-tibetskeho-naroda\/","datePublished":"2025-03-06","dateModified":"2025-03-06","mainEntityOfPage":"https:\/\/www.mapr.cz\/zahady-tibetskeho-naroda\/","author":{"@type":"Person","@id":"https:\/\/www.mapr.cz\/author\/#Person","name":"","url":"https:\/\/www.mapr.cz\/author\/","identifier":1,"image":{"@type":"ImageObject","@id":"https:\/\/secure.gravatar.com\/avatar\/4e6a74466e4227c12d5306875d08720cdfce3572213740db6f4a2e5e46e710ff?s=96&d=mm&r=g","url":"https:\/\/secure.gravatar.com\/avatar\/4e6a74466e4227c12d5306875d08720cdfce3572213740db6f4a2e5e46e710ff?s=96&d=mm&r=g","height":96,"width":96}},"publisher":{"@type":"Organization","name":"mapr.cz","logo":{"@type":"ImageObject","@id":"\/logo.png","url":"\/logo.png","width":600,"height":60}},"image":{"@type":"ImageObject","@id":"https:\/\/www.mapr.cz\/wp-content\/uploads\/img_a326997_w2207_t1539164806.jpg","url":"https:\/\/www.mapr.cz\/wp-content\/uploads\/img_a326997_w2207_t1539164806.jpg","height":0,"width":0},"wordCount":523,"keywords":null},{"@type":"Article","@id":"https:\/\/www.mapr.cz\/v-cem-se-spi-nejlip\/","headline":"V \u010dem se sp\u00ed nejl\u00edp","url":"https:\/\/www.mapr.cz\/v-cem-se-spi-nejlip\/","datePublished":"2025-03-05","dateModified":"2025-03-05","mainEntityOfPage":"https:\/\/www.mapr.cz\/v-cem-se-spi-nejlip\/","author":{"@type":"Person","@id":"https:\/\/www.mapr.cz\/author\/#Person","name":"","url":"https:\/\/www.mapr.cz\/author\/","identifier":1,"image":{"@type":"ImageObject","@id":"https:\/\/secure.gravatar.com\/avatar\/4e6a74466e4227c12d5306875d08720cdfce3572213740db6f4a2e5e46e710ff?s=96&d=mm&r=g","url":"https:\/\/secure.gravatar.com\/avatar\/4e6a74466e4227c12d5306875d08720cdfce3572213740db6f4a2e5e46e710ff?s=96&d=mm&r=g","height":96,"width":96}},"publisher":{"@type":"Organization","name":"mapr.cz","logo":{"@type":"ImageObject","@id":"\/logo.png","url":"\/logo.png","width":600,"height":60}},"image":{"@type":"ImageObject","@id":"https:\/\/www.mapr.cz\/wp-content\/uploads\/img_a298843_w2220_t1509042501.jpg","url":"https:\/\/www.mapr.cz\/wp-content\/uploads\/img_a298843_w2220_t1509042501.jpg","height":0,"width":0},"wordCount":494,"keywords":null},{"@type":"Article","@id":"https:\/\/www.mapr.cz\/nakupovat-zbozi-nonstop-v-kamennem-obchode-kazdy-den-v-roce-i-bez-prodavace-je-mozne\/","headline":"Nakupovat zbo\u017e\u00ed nonstop v kamenn\u00e9m obchod\u011b ka\u017ed\u00fd den v roce i bez prodava\u010de je mo\u017en\u00e9","url":"https:\/\/www.mapr.cz\/nakupovat-zbozi-nonstop-v-kamennem-obchode-kazdy-den-v-roce-i-bez-prodavace-je-mozne\/","datePublished":"2025-03-05","dateModified":"2025-03-05","mainEntityOfPage":"https:\/\/www.mapr.cz\/nakupovat-zbozi-nonstop-v-kamennem-obchode-kazdy-den-v-roce-i-bez-prodavace-je-mozne\/","author":{"@type":"Person","@id":"https:\/\/www.mapr.cz\/author\/#Person","name":"","url":"https:\/\/www.mapr.cz\/author\/","identifier":1,"image":{"@type":"ImageObject","@id":"https:\/\/secure.gravatar.com\/avatar\/4e6a74466e4227c12d5306875d08720cdfce3572213740db6f4a2e5e46e710ff?s=96&d=mm&r=g","url":"https:\/\/secure.gravatar.com\/avatar\/4e6a74466e4227c12d5306875d08720cdfce3572213740db6f4a2e5e46e710ff?s=96&d=mm&r=g","height":96,"width":96}},"publisher":{"@type":"Organization","name":"mapr.cz","logo":{"@type":"ImageObject","@id":"\/logo.png","url":"\/logo.png","width":600,"height":60}},"image":{"@type":"ImageObject","@id":"https:\/\/www.mapr.cz\/wp-content\/uploads\/img_a311611_w1712_t1522444665.jpg","url":"https:\/\/www.mapr.cz\/wp-content\/uploads\/img_a311611_w1712_t1522444665.jpg","height":0,"width":0},"wordCount":587,"keywords":null},{"@type":"Article","@id":"https:\/\/www.mapr.cz\/stihly-pas-a-velky-zadek-dokonala-zena-21-stoleti\/","headline":"\u0160t\u00edhl\u00fd pas a velk\u00fd zadek \u2013 dokonal\u00e1 \u017eena 21. stolet\u00ed","url":"https:\/\/www.mapr.cz\/stihly-pas-a-velky-zadek-dokonala-zena-21-stoleti\/","datePublished":"2025-03-04","dateModified":"2025-03-04","mainEntityOfPage":"https:\/\/www.mapr.cz\/stihly-pas-a-velky-zadek-dokonala-zena-21-stoleti\/","author":{"@type":"Person","@id":"https:\/\/www.mapr.cz\/author\/#Person","name":"","url":"https:\/\/www.mapr.cz\/author\/","identifier":1,"image":{"@type":"ImageObject","@id":"https:\/\/secure.gravatar.com\/avatar\/4e6a74466e4227c12d5306875d08720cdfce3572213740db6f4a2e5e46e710ff?s=96&d=mm&r=g","url":"https:\/\/secure.gravatar.com\/avatar\/4e6a74466e4227c12d5306875d08720cdfce3572213740db6f4a2e5e46e710ff?s=96&d=mm&r=g","height":96,"width":96}},"publisher":{"@type":"Organization","name":"mapr.cz","logo":{"@type":"ImageObject","@id":"\/logo.png","url":"\/logo.png","width":600,"height":60}},"image":{"@type":"ImageObject","@id":"https:\/\/www.mapr.cz\/wp-content\/uploads\/img_a313504_w2512_t1524300445.jpg","url":"https:\/\/www.mapr.cz\/wp-content\/uploads\/img_a313504_w2512_t1524300445.jpg","height":0,"width":0},"wordCount":4537,"keywords":null},{"@type":"Article","@id":"https:\/\/www.mapr.cz\/biologicky-odpad-jako-palivo-budoucnosti\/","headline":"Biologick\u00fd odpad jako palivo budoucnosti","url":"https:\/\/www.mapr.cz\/biologicky-odpad-jako-palivo-budoucnosti\/","datePublished":"2025-03-03","dateModified":"2025-03-03","mainEntityOfPage":"https:\/\/www.mapr.cz\/biologicky-odpad-jako-palivo-budoucnosti\/","author":{"@type":"Person","@id":"https:\/\/www.mapr.cz\/author\/#Person","name":"","url":"https:\/\/www.mapr.cz\/author\/","identifier":1,"image":{"@type":"ImageObject","@id":"https:\/\/secure.gravatar.com\/avatar\/4e6a74466e4227c12d5306875d08720cdfce3572213740db6f4a2e5e46e710ff?s=96&d=mm&r=g","url":"https:\/\/secure.gravatar.com\/avatar\/4e6a74466e4227c12d5306875d08720cdfce3572213740db6f4a2e5e46e710ff?s=96&d=mm&r=g","height":96,"width":96}},"publisher":{"@type":"Organization","name":"mapr.cz","logo":{"@type":"ImageObject","@id":"\/logo.png","url":"\/logo.png","width":600,"height":60}},"image":{"@type":"ImageObject","@id":"https:\/\/www.mapr.cz\/wp-content\/uploads\/img_a307141_w1702_t1518538184.jpg","url":"https:\/\/www.mapr.cz\/wp-content\/uploads\/img_a307141_w1702_t1518538184.jpg","height":0,"width":0},"wordCount":738,"keywords":null},{"@type":"Article","@id":"https:\/\/www.mapr.cz\/jste-zadani-ale-zajimate-se-i-o-jine-zeny\/","headline":"Jste zadan\u00ed, ale zaj\u00edm\u00e1te se i o jin\u00e9 \u017eeny?","url":"https:\/\/www.mapr.cz\/jste-zadani-ale-zajimate-se-i-o-jine-zeny\/","datePublished":"2025-03-02","dateModified":"2025-03-02","mainEntityOfPage":"https:\/\/www.mapr.cz\/jste-zadani-ale-zajimate-se-i-o-jine-zeny\/","author":{"@type":"Person","@id":"https:\/\/www.mapr.cz\/author\/#Person","name":"","url":"https:\/\/www.mapr.cz\/author\/","identifier":1,"image":{"@type":"ImageObject","@id":"https:\/\/secure.gravatar.com\/avatar\/4e6a74466e4227c12d5306875d08720cdfce3572213740db6f4a2e5e46e710ff?s=96&d=mm&r=g","url":"https:\/\/secure.gravatar.com\/avatar\/4e6a74466e4227c12d5306875d08720cdfce3572213740db6f4a2e5e46e710ff?s=96&d=mm&r=g","height":96,"width":96}},"publisher":{"@type":"Organization","name":"mapr.cz","logo":{"@type":"ImageObject","@id":"\/logo.png","url":"\/logo.png","width":600,"height":60}},"image":{"@type":"ImageObject","@id":"https:\/\/www.mapr.cz\/wp-content\/uploads\/img_a328554_w2061_t1540756323.jpg","url":"https:\/\/www.mapr.cz\/wp-content\/uploads\/img_a328554_w2061_t1540756323.jpg","height":0,"width":0},"wordCount":649,"keywords":null}]},{"@context":"https:\/\/schema.org","@type":"WebSite","@id":"https:\/\/www.mapr.cz\/#website","name":"Mapr","url":"https:\/\/www.mapr.cz","potentialAction":{"@type":"SearchAction","target":"https:\/\/www.mapr.cz\/?s={search_term_string}","query-input":"required name=search_term_string"}}]