[{"@context":"https:\/\/schema.org\/","@type":"Blog","@id":"https:\/\/www.mapr.cz#Blog","headline":"Mapr","description":"\nHazard\u00e9\u0159i v\u00a0dne\u0161n\u00ed dob\u011b utr\u00e1cej\u00ed v\u0161e, co si vyd\u011blaj\u00ed, hned. Ti rozumn\u00ed z\u00a0n\u00e1s si ale odkl\u00e1daj\u00ed aspo\u0148 n\u011bco na pozd\u011bji, \u010d\u00edm\u017e se u nich sni\u017euje riziko pot\u00ed\u017e\u00ed.","url":"https:\/\/www.mapr.cz","hasPart":[{"@type":"Article","@id":"https:\/\/www.mapr.cz\/altan-by-mel-byt-dreveny\/","headline":"Alt\u00e1n by m\u011bl b\u00fdt d\u0159ev\u011bn\u00fd","url":"https:\/\/www.mapr.cz\/altan-by-mel-byt-dreveny\/","datePublished":"2020-11-04","dateModified":"2023-12-20","mainEntityOfPage":"https:\/\/www.mapr.cz\/altan-by-mel-byt-dreveny\/","author":{"@type":"Person","@id":"https:\/\/www.mapr.cz\/author\/#Person","name":"","url":"https:\/\/www.mapr.cz\/author\/","identifier":1,"image":{"@type":"ImageObject","@id":"https:\/\/secure.gravatar.com\/avatar\/4e6a74466e4227c12d5306875d08720cdfce3572213740db6f4a2e5e46e710ff?s=96&d=mm&r=g","url":"https:\/\/secure.gravatar.com\/avatar\/4e6a74466e4227c12d5306875d08720cdfce3572213740db6f4a2e5e46e710ff?s=96&d=mm&r=g","height":96,"width":96}},"publisher":{"@type":"Organization","name":"mapr.cz","logo":{"@type":"ImageObject","@id":"\/logo.png","url":"\/logo.png","width":600,"height":60}},"image":{"@type":"ImageObject","@id":"https:\/\/www.mapr.cz\/wp-content\/uploads\/alt%C3%A1n%20jaro.jpg","url":"https:\/\/www.mapr.cz\/wp-content\/uploads\/alt%C3%A1n%20jaro.jpg","height":0,"width":0},"wordCount":621,"keywords":null},{"@type":"Article","@id":"https:\/\/www.mapr.cz\/co-bude-s-vasim-majetkem-po-smrti\/","headline":"Co bude s Va\u0161\u00edm majetkem po smrti","url":"https:\/\/www.mapr.cz\/co-bude-s-vasim-majetkem-po-smrti\/","datePublished":"2020-10-03","dateModified":"2023-05-18","mainEntityOfPage":"https:\/\/www.mapr.cz\/co-bude-s-vasim-majetkem-po-smrti\/","author":{"@type":"Person","@id":"https:\/\/www.mapr.cz\/author\/#Person","name":"","url":"https:\/\/www.mapr.cz\/author\/","identifier":1,"image":{"@type":"ImageObject","@id":"https:\/\/secure.gravatar.com\/avatar\/4e6a74466e4227c12d5306875d08720cdfce3572213740db6f4a2e5e46e710ff?s=96&d=mm&r=g","url":"https:\/\/secure.gravatar.com\/avatar\/4e6a74466e4227c12d5306875d08720cdfce3572213740db6f4a2e5e46e710ff?s=96&d=mm&r=g","height":96,"width":96}},"publisher":{"@type":"Organization","name":"mapr.cz","logo":{"@type":"ImageObject","@id":"\/logo.png","url":"\/logo.png","width":600,"height":60}},"image":{"@type":"ImageObject","@id":"https:\/\/www.mapr.cz\/wp-content\/uploads\/img_a294076_w1771_t1506013716.jpg","url":"https:\/\/www.mapr.cz\/wp-content\/uploads\/img_a294076_w1771_t1506013716.jpg","height":0,"width":0},"wordCount":639,"keywords":null},{"@type":"Article","@id":"https:\/\/www.mapr.cz\/auto-nebo-motorka\/","headline":"Auto nebo motorka","url":"https:\/\/www.mapr.cz\/auto-nebo-motorka\/","datePublished":"2020-09-25","dateModified":"2020-09-25","mainEntityOfPage":"https:\/\/www.mapr.cz\/auto-nebo-motorka\/","author":{"@type":"Person","@id":"https:\/\/www.mapr.cz\/author\/#Person","name":"","url":"https:\/\/www.mapr.cz\/author\/","identifier":1,"image":{"@type":"ImageObject","@id":"https:\/\/secure.gravatar.com\/avatar\/4e6a74466e4227c12d5306875d08720cdfce3572213740db6f4a2e5e46e710ff?s=96&d=mm&r=g","url":"https:\/\/secure.gravatar.com\/avatar\/4e6a74466e4227c12d5306875d08720cdfce3572213740db6f4a2e5e46e710ff?s=96&d=mm&r=g","height":96,"width":96}},"publisher":{"@type":"Organization","name":"mapr.cz","logo":{"@type":"ImageObject","@id":"\/logo.png","url":"\/logo.png","width":600,"height":60}},"image":{"@type":"ImageObject","@id":"https:\/\/www.mapr.cz\/wp-content\/uploads\/img_a307000_w2172_t1518293432.jpg","url":"https:\/\/www.mapr.cz\/wp-content\/uploads\/img_a307000_w2172_t1518293432.jpg","height":0,"width":0},"wordCount":520,"keywords":null},{"@type":"Article","@id":"https:\/\/www.mapr.cz\/shanet-a-nezblaznit-se\/","headline":"SH\u00c1N\u011aT A NEZBL\u00c1ZNIT SE","url":"https:\/\/www.mapr.cz\/shanet-a-nezblaznit-se\/","datePublished":"2020-09-21","dateModified":"2020-09-21","mainEntityOfPage":"https:\/\/www.mapr.cz\/shanet-a-nezblaznit-se\/","author":{"@type":"Person","@id":"https:\/\/www.mapr.cz\/author\/#Person","name":"","url":"https:\/\/www.mapr.cz\/author\/","identifier":1,"image":{"@type":"ImageObject","@id":"https:\/\/secure.gravatar.com\/avatar\/4e6a74466e4227c12d5306875d08720cdfce3572213740db6f4a2e5e46e710ff?s=96&d=mm&r=g","url":"https:\/\/secure.gravatar.com\/avatar\/4e6a74466e4227c12d5306875d08720cdfce3572213740db6f4a2e5e46e710ff?s=96&d=mm&r=g","height":96,"width":96}},"publisher":{"@type":"Organization","name":"mapr.cz","logo":{"@type":"ImageObject","@id":"\/logo.png","url":"\/logo.png","width":600,"height":60}},"image":{"@type":"ImageObject","@id":"https:\/\/www.mapr.cz\/wp-content\/uploads\/img_a308867_w2325_t1519854625.jpg","url":"https:\/\/www.mapr.cz\/wp-content\/uploads\/img_a308867_w2325_t1519854625.jpg","height":0,"width":0},"wordCount":804,"keywords":null},{"@type":"Article","@id":"https:\/\/www.mapr.cz\/cesta-k-penezum\/","headline":"Cesta k pen\u011bz\u016fm","url":"https:\/\/www.mapr.cz\/cesta-k-penezum\/","datePublished":"2020-09-13","dateModified":"2020-09-13","mainEntityOfPage":"https:\/\/www.mapr.cz\/cesta-k-penezum\/","author":{"@type":"Person","@id":"https:\/\/www.mapr.cz\/author\/#Person","name":"","url":"https:\/\/www.mapr.cz\/author\/","identifier":1,"image":{"@type":"ImageObject","@id":"https:\/\/secure.gravatar.com\/avatar\/4e6a74466e4227c12d5306875d08720cdfce3572213740db6f4a2e5e46e710ff?s=96&d=mm&r=g","url":"https:\/\/secure.gravatar.com\/avatar\/4e6a74466e4227c12d5306875d08720cdfce3572213740db6f4a2e5e46e710ff?s=96&d=mm&r=g","height":96,"width":96}},"publisher":{"@type":"Organization","name":"mapr.cz","logo":{"@type":"ImageObject","@id":"\/logo.png","url":"\/logo.png","width":600,"height":60}},"image":{"@type":"ImageObject","@id":"https:\/\/www.mapr.cz\/wp-content\/uploads\/img_a331550_w2692_t1544041940.jpg","url":"https:\/\/www.mapr.cz\/wp-content\/uploads\/img_a331550_w2692_t1544041940.jpg","height":0,"width":0},"wordCount":568,"keywords":null},{"@type":"Article","@id":"https:\/\/www.mapr.cz\/efektivni-administrativa-papir-vs-elektronika\/","headline":"Efektivn\u00ed administrativa: pap\u00edr vs. elektronika","url":"https:\/\/www.mapr.cz\/efektivni-administrativa-papir-vs-elektronika\/","datePublished":"2020-05-25","dateModified":"2020-05-25","mainEntityOfPage":"https:\/\/www.mapr.cz\/efektivni-administrativa-papir-vs-elektronika\/","author":{"@type":"Person","@id":"https:\/\/www.mapr.cz\/author\/#Person","name":"","url":"https:\/\/www.mapr.cz\/author\/","identifier":1,"image":{"@type":"ImageObject","@id":"https:\/\/secure.gravatar.com\/avatar\/4e6a74466e4227c12d5306875d08720cdfce3572213740db6f4a2e5e46e710ff?s=96&d=mm&r=g","url":"https:\/\/secure.gravatar.com\/avatar\/4e6a74466e4227c12d5306875d08720cdfce3572213740db6f4a2e5e46e710ff?s=96&d=mm&r=g","height":96,"width":96}},"publisher":{"@type":"Organization","name":"mapr.cz","logo":{"@type":"ImageObject","@id":"\/logo.png","url":"\/logo.png","width":600,"height":60}},"image":{"@type":"ImageObject","@id":"https:\/\/www.mapr.cz\/wp-content\/uploads\/img_a378774_w4323_t1589972894.jpg","url":"https:\/\/www.mapr.cz\/wp-content\/uploads\/img_a378774_w4323_t1589972894.jpg","height":0,"width":0},"wordCount":523,"keywords":null},{"@type":"Article","@id":"https:\/\/www.mapr.cz\/zalette-si-levne-do-porta\/","headline":"Zale\u0165te si levn\u011b do Porta","url":"https:\/\/www.mapr.cz\/zalette-si-levne-do-porta\/","datePublished":"2020-05-09","dateModified":"2024-02-12","mainEntityOfPage":"https:\/\/www.mapr.cz\/zalette-si-levne-do-porta\/","author":{"@type":"Person","@id":"https:\/\/www.mapr.cz\/author\/#Person","name":"","url":"https:\/\/www.mapr.cz\/author\/","identifier":1,"image":{"@type":"ImageObject","@id":"https:\/\/secure.gravatar.com\/avatar\/4e6a74466e4227c12d5306875d08720cdfce3572213740db6f4a2e5e46e710ff?s=96&d=mm&r=g","url":"https:\/\/secure.gravatar.com\/avatar\/4e6a74466e4227c12d5306875d08720cdfce3572213740db6f4a2e5e46e710ff?s=96&d=mm&r=g","height":96,"width":96}},"publisher":{"@type":"Organization","name":"mapr.cz","logo":{"@type":"ImageObject","@id":"\/logo.png","url":"\/logo.png","width":600,"height":60}},"image":{"@type":"ImageObject","@id":"https:\/\/www.mapr.cz\/wp-content\/uploads\/%C5%99eka%20Douro.jpg","url":"https:\/\/www.mapr.cz\/wp-content\/uploads\/%C5%99eka%20Douro.jpg","height":0,"width":0},"wordCount":576,"keywords":null},{"@type":"Article","@id":"https:\/\/www.mapr.cz\/uver-na-miru-ocenite-predevsim-ve-slozite-zivotni-situaci\/","headline":"\u00dav\u011br na m\u00edru ocen\u00edte p\u0159edev\u0161\u00edm ve slo\u017eit\u00e9 \u017eivotn\u00ed situaci","url":"https:\/\/www.mapr.cz\/uver-na-miru-ocenite-predevsim-ve-slozite-zivotni-situaci\/","datePublished":"2020-01-13","dateModified":"2023-05-18","mainEntityOfPage":"https:\/\/www.mapr.cz\/uver-na-miru-ocenite-predevsim-ve-slozite-zivotni-situaci\/","author":{"@type":"Person","@id":"https:\/\/www.mapr.cz\/author\/#Person","name":"","url":"https:\/\/www.mapr.cz\/author\/","identifier":1,"image":{"@type":"ImageObject","@id":"https:\/\/secure.gravatar.com\/avatar\/4e6a74466e4227c12d5306875d08720cdfce3572213740db6f4a2e5e46e710ff?s=96&d=mm&r=g","url":"https:\/\/secure.gravatar.com\/avatar\/4e6a74466e4227c12d5306875d08720cdfce3572213740db6f4a2e5e46e710ff?s=96&d=mm&r=g","height":96,"width":96}},"publisher":{"@type":"Organization","name":"mapr.cz","logo":{"@type":"ImageObject","@id":"\/logo.png","url":"\/logo.png","width":600,"height":60}},"image":{"@type":"ImageObject","@id":"https:\/\/www.mapr.cz\/wp-content\/uploads\/img_a378973_w4207_t1590396349.jpg","url":"https:\/\/www.mapr.cz\/wp-content\/uploads\/img_a378973_w4207_t1590396349.jpg","height":0,"width":0},"wordCount":552,"keywords":null},{"@type":"Article","@id":"https:\/\/www.mapr.cz\/revolucni-reseni-k-prekonani-jazykovych-barier\/","headline":"Revolu\u010dn\u00ed \u0159e\u0161en\u00ed k p\u0159ekon\u00e1n\u00ed jazykov\u00fdch bari\u00e9r","url":"https:\/\/www.mapr.cz\/revolucni-reseni-k-prekonani-jazykovych-barier\/","datePublished":"2019-09-16","dateModified":"2019-09-16","mainEntityOfPage":"https:\/\/www.mapr.cz\/revolucni-reseni-k-prekonani-jazykovych-barier\/","author":{"@type":"Person","@id":"https:\/\/www.mapr.cz\/author\/#Person","name":"","url":"https:\/\/www.mapr.cz\/author\/","identifier":1,"image":{"@type":"ImageObject","@id":"https:\/\/secure.gravatar.com\/avatar\/4e6a74466e4227c12d5306875d08720cdfce3572213740db6f4a2e5e46e710ff?s=96&d=mm&r=g","url":"https:\/\/secure.gravatar.com\/avatar\/4e6a74466e4227c12d5306875d08720cdfce3572213740db6f4a2e5e46e710ff?s=96&d=mm&r=g","height":96,"width":96}},"publisher":{"@type":"Organization","name":"mapr.cz","logo":{"@type":"ImageObject","@id":"\/logo.png","url":"\/logo.png","width":600,"height":60}},"image":{"@type":"ImageObject","@id":"https:\/\/www.mapr.cz\/wp-content\/uploads\/img_a354571_w3411_t1569220366.jpg","url":"https:\/\/www.mapr.cz\/wp-content\/uploads\/img_a354571_w3411_t1569220366.jpg","height":0,"width":0},"wordCount":486,"keywords":null},{"@type":"Article","@id":"https:\/\/www.mapr.cz\/ucte-deti-pracovat-s-financemi-uz-od-malinka\/","headline":"U\u010dte d\u011bti pracovat s financemi u\u017e od malinka","url":"https:\/\/www.mapr.cz\/ucte-deti-pracovat-s-financemi-uz-od-malinka\/","datePublished":"2019-05-08","dateModified":"2019-05-08","mainEntityOfPage":"https:\/\/www.mapr.cz\/ucte-deti-pracovat-s-financemi-uz-od-malinka\/","author":{"@type":"Person","@id":"https:\/\/www.mapr.cz\/author\/#Person","name":"","url":"https:\/\/www.mapr.cz\/author\/","identifier":1,"image":{"@type":"ImageObject","@id":"https:\/\/secure.gravatar.com\/avatar\/4e6a74466e4227c12d5306875d08720cdfce3572213740db6f4a2e5e46e710ff?s=96&d=mm&r=g","url":"https:\/\/secure.gravatar.com\/avatar\/4e6a74466e4227c12d5306875d08720cdfce3572213740db6f4a2e5e46e710ff?s=96&d=mm&r=g","height":96,"width":96}},"publisher":{"@type":"Organization","name":"mapr.cz","logo":{"@type":"ImageObject","@id":"\/logo.png","url":"\/logo.png","width":600,"height":60}},"image":{"@type":"ImageObject","@id":"https:\/\/www.mapr.cz\/wp-content\/uploads\/img_a345386_w2512_t1559058258.jpg","url":"https:\/\/www.mapr.cz\/wp-content\/uploads\/img_a345386_w2512_t1559058258.jpg","height":0,"width":0},"wordCount":4550,"keywords":null}]},{"@context":"https:\/\/schema.org","@type":"WebSite","@id":"https:\/\/www.mapr.cz\/#website","name":"Mapr","url":"https:\/\/www.mapr.cz","potentialAction":{"@type":"SearchAction","target":"https:\/\/www.mapr.cz\/?s={search_term_string}","query-input":"required name=search_term_string"}}]