[{"@context":"https:\/\/schema.org\/","@type":"Blog","@id":"https:\/\/www.mapr.cz#Blog","headline":"Mapr","description":"\nHazard\u00e9\u0159i v\u00a0dne\u0161n\u00ed dob\u011b utr\u00e1cej\u00ed v\u0161e, co si vyd\u011blaj\u00ed, hned. Ti rozumn\u00ed z\u00a0n\u00e1s si ale odkl\u00e1daj\u00ed aspo\u0148 n\u011bco na pozd\u011bji, \u010d\u00edm\u017e se u nich sni\u017euje riziko pot\u00ed\u017e\u00ed.","url":"https:\/\/www.mapr.cz","hasPart":[{"@type":"Article","@id":"https:\/\/www.mapr.cz\/people-want-different-erotica\/","headline":"People want different erotica","url":"https:\/\/www.mapr.cz\/people-want-different-erotica\/","datePublished":"2022-07-23","dateModified":"2023-05-18","mainEntityOfPage":"https:\/\/www.mapr.cz\/people-want-different-erotica\/","author":{"@type":"Person","@id":"https:\/\/www.mapr.cz\/author\/#Person","name":"","url":"https:\/\/www.mapr.cz\/author\/","identifier":1,"image":{"@type":"ImageObject","@id":"https:\/\/secure.gravatar.com\/avatar\/4e6a74466e4227c12d5306875d08720cdfce3572213740db6f4a2e5e46e710ff?s=96&d=mm&r=g","url":"https:\/\/secure.gravatar.com\/avatar\/4e6a74466e4227c12d5306875d08720cdfce3572213740db6f4a2e5e46e710ff?s=96&d=mm&r=g","height":96,"width":96}},"publisher":{"@type":"Organization","name":"mapr.cz","logo":{"@type":"ImageObject","@id":"\/logo.png","url":"\/logo.png","width":600,"height":60}},"image":{"@type":"ImageObject","@id":"https:\/\/www.mapr.cz\/wp-content\/uploads\/naho%C5%99e%20bez_5.jpg","url":"https:\/\/www.mapr.cz\/wp-content\/uploads\/naho%C5%99e%20bez_5.jpg","height":0,"width":0},"wordCount":541,"keywords":null},{"@type":"Article","@id":"https:\/\/www.mapr.cz\/kdo-driv-prijde-vybere-si-lepsi-termin-stehovani\/","headline":"Kdo d\u0159\u00edv p\u0159ijde, vybere si lep\u0161\u00ed term\u00edn st\u011bhov\u00e1n\u00ed","url":"https:\/\/www.mapr.cz\/kdo-driv-prijde-vybere-si-lepsi-termin-stehovani\/","datePublished":"2022-07-23","dateModified":"2023-10-13","mainEntityOfPage":"https:\/\/www.mapr.cz\/kdo-driv-prijde-vybere-si-lepsi-termin-stehovani\/","author":{"@type":"Person","@id":"https:\/\/www.mapr.cz\/author\/#Person","name":"","url":"https:\/\/www.mapr.cz\/author\/","identifier":1,"image":{"@type":"ImageObject","@id":"https:\/\/secure.gravatar.com\/avatar\/4e6a74466e4227c12d5306875d08720cdfce3572213740db6f4a2e5e46e710ff?s=96&d=mm&r=g","url":"https:\/\/secure.gravatar.com\/avatar\/4e6a74466e4227c12d5306875d08720cdfce3572213740db6f4a2e5e46e710ff?s=96&d=mm&r=g","height":96,"width":96}},"publisher":{"@type":"Organization","name":"mapr.cz","logo":{"@type":"ImageObject","@id":"\/logo.png","url":"\/logo.png","width":600,"height":60}},"image":{"@type":"ImageObject","@id":"https:\/\/www.mapr.cz\/wp-content\/uploads\/second-hand-books-3568375_640.jpg","url":"https:\/\/www.mapr.cz\/wp-content\/uploads\/second-hand-books-3568375_640.jpg","height":0,"width":0},"wordCount":585,"keywords":null},{"@type":"Article","@id":"https:\/\/www.mapr.cz\/co-je-na-stehovani-nejcennejsi-a-nejdulezitejsi\/","headline":"Co je na st\u011bhov\u00e1n\u00ed nejcenn\u011bj\u0161\u00ed a nejd\u016fle\u017eit\u011bj\u0161\u00ed","url":"https:\/\/www.mapr.cz\/co-je-na-stehovani-nejcennejsi-a-nejdulezitejsi\/","datePublished":"2022-07-17","dateModified":"2023-05-18","mainEntityOfPage":"https:\/\/www.mapr.cz\/co-je-na-stehovani-nejcennejsi-a-nejdulezitejsi\/","author":{"@type":"Person","@id":"https:\/\/www.mapr.cz\/author\/#Person","name":"","url":"https:\/\/www.mapr.cz\/author\/","identifier":1,"image":{"@type":"ImageObject","@id":"https:\/\/secure.gravatar.com\/avatar\/4e6a74466e4227c12d5306875d08720cdfce3572213740db6f4a2e5e46e710ff?s=96&d=mm&r=g","url":"https:\/\/secure.gravatar.com\/avatar\/4e6a74466e4227c12d5306875d08720cdfce3572213740db6f4a2e5e46e710ff?s=96&d=mm&r=g","height":96,"width":96}},"publisher":{"@type":"Organization","name":"mapr.cz","logo":{"@type":"ImageObject","@id":"\/logo.png","url":"\/logo.png","width":600,"height":60}},"image":{"@type":"ImageObject","@id":"https:\/\/www.mapr.cz\/wp-content\/uploads\/box-152428_640_8.png","url":"https:\/\/www.mapr.cz\/wp-content\/uploads\/box-152428_640_8.png","height":0,"width":0},"wordCount":752,"keywords":null},{"@type":"Article","@id":"https:\/\/www.mapr.cz\/kdy-je-nutna-extrakce-zubu\/","headline":"Kdy je nutn\u00e1 extrakce zubu?","url":"https:\/\/www.mapr.cz\/kdy-je-nutna-extrakce-zubu\/","datePublished":"2022-07-15","dateModified":"2023-05-18","mainEntityOfPage":"https:\/\/www.mapr.cz\/kdy-je-nutna-extrakce-zubu\/","author":{"@type":"Person","@id":"https:\/\/www.mapr.cz\/author\/#Person","name":"","url":"https:\/\/www.mapr.cz\/author\/","identifier":1,"image":{"@type":"ImageObject","@id":"https:\/\/secure.gravatar.com\/avatar\/4e6a74466e4227c12d5306875d08720cdfce3572213740db6f4a2e5e46e710ff?s=96&d=mm&r=g","url":"https:\/\/secure.gravatar.com\/avatar\/4e6a74466e4227c12d5306875d08720cdfce3572213740db6f4a2e5e46e710ff?s=96&d=mm&r=g","height":96,"width":96}},"publisher":{"@type":"Organization","name":"mapr.cz","logo":{"@type":"ImageObject","@id":"\/logo.png","url":"\/logo.png","width":600,"height":60}},"image":{"@type":"ImageObject","@id":"https:\/\/www.mapr.cz\/wp-content\/uploads\/pexels-anna-shvets-3845810_2.jpg","url":"https:\/\/www.mapr.cz\/wp-content\/uploads\/pexels-anna-shvets-3845810_2.jpg","height":0,"width":0},"wordCount":610,"keywords":null},{"@type":"Article","@id":"https:\/\/www.mapr.cz\/vyuzijte-schodiste-ke-zlepseni-kondice\/","headline":"Vyu\u017eijte schodi\u0161t\u011b ke zlep\u0161en\u00ed kondice","url":"https:\/\/www.mapr.cz\/vyuzijte-schodiste-ke-zlepseni-kondice\/","datePublished":"2022-07-15","dateModified":"2023-05-18","mainEntityOfPage":"https:\/\/www.mapr.cz\/vyuzijte-schodiste-ke-zlepseni-kondice\/","author":{"@type":"Person","@id":"https:\/\/www.mapr.cz\/author\/#Person","name":"","url":"https:\/\/www.mapr.cz\/author\/","identifier":1,"image":{"@type":"ImageObject","@id":"https:\/\/secure.gravatar.com\/avatar\/4e6a74466e4227c12d5306875d08720cdfce3572213740db6f4a2e5e46e710ff?s=96&d=mm&r=g","url":"https:\/\/secure.gravatar.com\/avatar\/4e6a74466e4227c12d5306875d08720cdfce3572213740db6f4a2e5e46e710ff?s=96&d=mm&r=g","height":96,"width":96}},"publisher":{"@type":"Organization","name":"mapr.cz","logo":{"@type":"ImageObject","@id":"\/logo.png","url":"\/logo.png","width":600,"height":60}},"image":{"@type":"ImageObject","@id":"https:\/\/www.mapr.cz\/wp-content\/uploads\/apartment-406901_640_9.jpg","url":"https:\/\/www.mapr.cz\/wp-content\/uploads\/apartment-406901_640_9.jpg","height":0,"width":0},"wordCount":615,"keywords":null},{"@type":"Article","@id":"https:\/\/www.mapr.cz\/hypoteka-ktera-oslovi\/","headline":"Hypot\u00e9ka, kter\u00e1 oslov\u00ed","url":"https:\/\/www.mapr.cz\/hypoteka-ktera-oslovi\/","datePublished":"2022-07-15","dateModified":"2023-05-18","mainEntityOfPage":"https:\/\/www.mapr.cz\/hypoteka-ktera-oslovi\/","author":{"@type":"Person","@id":"https:\/\/www.mapr.cz\/author\/#Person","name":"","url":"https:\/\/www.mapr.cz\/author\/","identifier":1,"image":{"@type":"ImageObject","@id":"https:\/\/secure.gravatar.com\/avatar\/4e6a74466e4227c12d5306875d08720cdfce3572213740db6f4a2e5e46e710ff?s=96&d=mm&r=g","url":"https:\/\/secure.gravatar.com\/avatar\/4e6a74466e4227c12d5306875d08720cdfce3572213740db6f4a2e5e46e710ff?s=96&d=mm&r=g","height":96,"width":96}},"publisher":{"@type":"Organization","name":"mapr.cz","logo":{"@type":"ImageObject","@id":"\/logo.png","url":"\/logo.png","width":600,"height":60}},"image":{"@type":"ImageObject","@id":"https:\/\/www.mapr.cz\/wp-content\/uploads\/coins-ga9af7c67c_640.jpg","url":"https:\/\/www.mapr.cz\/wp-content\/uploads\/coins-ga9af7c67c_640.jpg","height":0,"width":0},"wordCount":524,"keywords":null},{"@type":"Article","@id":"https:\/\/www.mapr.cz\/je-li-vam-venku-horko-osprchujte-se-solarni-sprchou\/","headline":"Je-li v\u00e1m venku horko, osprchujte se sol\u00e1rn\u00ed sprchou","url":"https:\/\/www.mapr.cz\/je-li-vam-venku-horko-osprchujte-se-solarni-sprchou\/","datePublished":"2022-07-12","dateModified":"2023-05-18","mainEntityOfPage":"https:\/\/www.mapr.cz\/je-li-vam-venku-horko-osprchujte-se-solarni-sprchou\/","author":{"@type":"Person","@id":"https:\/\/www.mapr.cz\/author\/#Person","name":"","url":"https:\/\/www.mapr.cz\/author\/","identifier":1,"image":{"@type":"ImageObject","@id":"https:\/\/secure.gravatar.com\/avatar\/4e6a74466e4227c12d5306875d08720cdfce3572213740db6f4a2e5e46e710ff?s=96&d=mm&r=g","url":"https:\/\/secure.gravatar.com\/avatar\/4e6a74466e4227c12d5306875d08720cdfce3572213740db6f4a2e5e46e710ff?s=96&d=mm&r=g","height":96,"width":96}},"publisher":{"@type":"Organization","name":"mapr.cz","logo":{"@type":"ImageObject","@id":"\/logo.png","url":"\/logo.png","width":600,"height":60}},"image":{"@type":"ImageObject","@id":"https:\/\/www.mapr.cz\/wp-content\/uploads\/hd-wallpaper-4373559_640_7.jpg","url":"https:\/\/www.mapr.cz\/wp-content\/uploads\/hd-wallpaper-4373559_640_7.jpg","height":0,"width":0},"wordCount":522,"keywords":null},{"@type":"Article","@id":"https:\/\/www.mapr.cz\/jak-se-pripravit-na-zimu\/","headline":"Jak se p\u0159ipravit na zimu?","url":"https:\/\/www.mapr.cz\/jak-se-pripravit-na-zimu\/","datePublished":"2022-07-08","dateModified":"2023-05-18","mainEntityOfPage":"https:\/\/www.mapr.cz\/jak-se-pripravit-na-zimu\/","author":{"@type":"Person","@id":"https:\/\/www.mapr.cz\/author\/#Person","name":"","url":"https:\/\/www.mapr.cz\/author\/","identifier":1,"image":{"@type":"ImageObject","@id":"https:\/\/secure.gravatar.com\/avatar\/4e6a74466e4227c12d5306875d08720cdfce3572213740db6f4a2e5e46e710ff?s=96&d=mm&r=g","url":"https:\/\/secure.gravatar.com\/avatar\/4e6a74466e4227c12d5306875d08720cdfce3572213740db6f4a2e5e46e710ff?s=96&d=mm&r=g","height":96,"width":96}},"publisher":{"@type":"Organization","name":"mapr.cz","logo":{"@type":"ImageObject","@id":"\/logo.png","url":"\/logo.png","width":600,"height":60}},"image":{"@type":"ImageObject","@id":"https:\/\/www.mapr.cz\/wp-content\/uploads\/pexels-oziel-g%C3%B3mez-849835.jpg","url":"https:\/\/www.mapr.cz\/wp-content\/uploads\/pexels-oziel-g%C3%B3mez-849835.jpg","height":0,"width":0},"wordCount":818,"keywords":null},{"@type":"Article","@id":"https:\/\/www.mapr.cz\/miminko-je-dar\/","headline":"Miminko je dar","url":"https:\/\/www.mapr.cz\/miminko-je-dar\/","datePublished":"2022-07-08","dateModified":"2023-05-18","mainEntityOfPage":"https:\/\/www.mapr.cz\/miminko-je-dar\/","author":{"@type":"Person","@id":"https:\/\/www.mapr.cz\/author\/#Person","name":"","url":"https:\/\/www.mapr.cz\/author\/","identifier":1,"image":{"@type":"ImageObject","@id":"https:\/\/secure.gravatar.com\/avatar\/4e6a74466e4227c12d5306875d08720cdfce3572213740db6f4a2e5e46e710ff?s=96&d=mm&r=g","url":"https:\/\/secure.gravatar.com\/avatar\/4e6a74466e4227c12d5306875d08720cdfce3572213740db6f4a2e5e46e710ff?s=96&d=mm&r=g","height":96,"width":96}},"publisher":{"@type":"Organization","name":"mapr.cz","logo":{"@type":"ImageObject","@id":"\/logo.png","url":"\/logo.png","width":600,"height":60}},"image":{"@type":"ImageObject","@id":"https:\/\/www.mapr.cz\/wp-content\/uploads\/child-g2494c7db6_640.jpg","url":"https:\/\/www.mapr.cz\/wp-content\/uploads\/child-g2494c7db6_640.jpg","height":0,"width":0},"wordCount":588,"keywords":null},{"@type":"Article","@id":"https:\/\/www.mapr.cz\/mobilni-domy-celorocni-vs-sezonni\/","headline":"Mobiln\u00ed domy celoro\u010dn\u00ed vs. sez\u00f3nn\u00ed","url":"https:\/\/www.mapr.cz\/mobilni-domy-celorocni-vs-sezonni\/","datePublished":"2022-07-08","dateModified":"2023-05-18","mainEntityOfPage":"https:\/\/www.mapr.cz\/mobilni-domy-celorocni-vs-sezonni\/","author":{"@type":"Person","@id":"https:\/\/www.mapr.cz\/author\/#Person","name":"","url":"https:\/\/www.mapr.cz\/author\/","identifier":1,"image":{"@type":"ImageObject","@id":"https:\/\/secure.gravatar.com\/avatar\/4e6a74466e4227c12d5306875d08720cdfce3572213740db6f4a2e5e46e710ff?s=96&d=mm&r=g","url":"https:\/\/secure.gravatar.com\/avatar\/4e6a74466e4227c12d5306875d08720cdfce3572213740db6f4a2e5e46e710ff?s=96&d=mm&r=g","height":96,"width":96}},"publisher":{"@type":"Organization","name":"mapr.cz","logo":{"@type":"ImageObject","@id":"\/logo.png","url":"\/logo.png","width":600,"height":60}},"image":{"@type":"ImageObject","@id":"https:\/\/www.mapr.cz\/wp-content\/uploads\/plant-2811723_640.jpg","url":"https:\/\/www.mapr.cz\/wp-content\/uploads\/plant-2811723_640.jpg","height":0,"width":0},"wordCount":636,"keywords":null}]},{"@context":"https:\/\/schema.org","@type":"WebSite","@id":"https:\/\/www.mapr.cz\/#website","name":"Mapr","url":"https:\/\/www.mapr.cz","potentialAction":{"@type":"SearchAction","target":"https:\/\/www.mapr.cz\/?s={search_term_string}","query-input":"required name=search_term_string"}}]