[{"@context":"https:\/\/schema.org\/","@type":"Article","@id":"https:\/\/www.mapr.cz\/normalni-je-nefotit\/#Article","mainEntityOfPage":"https:\/\/www.mapr.cz\/normalni-je-nefotit\/","headline":"Norm\u00e1ln\u00ed je nefotit","name":"Norm\u00e1ln\u00ed je nefotit","description":"Kde jsou star\u00e9 dobr\u00e9 \u010dasy, chce se ob\u010das \u010dlov\u011bku postesknout, kdy jsme m\u011bli k\u00a0dispozici film o 24 nebo 32 fotografi\u00edch a museli jsme si po\u0159\u00e1dn\u011b &hellip; ","datePublished":"2025-02-25","dateModified":"2025-02-25","author":{"@type":"Person","@id":"https:\/\/www.mapr.cz\/author\/#Person","name":"","url":"https:\/\/www.mapr.cz\/author\/","identifier":1,"image":{"@type":"ImageObject","@id":"https:\/\/secure.gravatar.com\/avatar\/4e6a74466e4227c12d5306875d08720cdfce3572213740db6f4a2e5e46e710ff?s=96&d=mm&r=g","url":"https:\/\/secure.gravatar.com\/avatar\/4e6a74466e4227c12d5306875d08720cdfce3572213740db6f4a2e5e46e710ff?s=96&d=mm&r=g","height":96,"width":96}},"publisher":{"@type":"Organization","name":"mapr.cz","logo":{"@type":"ImageObject","@id":"\/logo.png","url":"\/logo.png","width":600,"height":60}},"image":{"@type":"ImageObject","@id":"https:\/\/www.mapr.cz\/wp-content\/uploads\/img_a306483_w2184_t1517822389.jpg","url":"https:\/\/www.mapr.cz\/wp-content\/uploads\/img_a306483_w2184_t1517822389.jpg","height":0,"width":0},"url":"https:\/\/www.mapr.cz\/normalni-je-nefotit\/","wordCount":429,"articleBody":"Kde jsou star\u00e9 dobr\u00e9 \u010dasy, chce se ob\u010das \u010dlov\u011bku postesknout, kdy jsme m\u011bli k\u00a0dispozici film o 24 nebo 32 fotografi\u00edch a museli jsme si po\u0159\u00e1dn\u011b rozmyslet, co o dovolen\u00e9 vyfot\u00edme a co ne. P\u00e1r film\u016f jsme vezli do z\u00e1soby s\u00a0sebou, ale byly drah\u00e9, vyvol\u00e1n\u00ed tak\u00e9 n\u011bco st\u00e1lo a tak n\u00e1m z\u00e1le\u017eelo na tom, aby se fotka povedla. \u017d\u00e1dn\u00e9 focen\u00ed j\u00eddla, odpadk\u016f, \u017e\u00e1dn\u00e9 selfie. To slovo tehdy ani neexistovalo. Tak\u00e9 ne\u0161ly b\u011b\u017en\u00fdmi fotoapar\u00e1ty fotit, respektive \u00fasp\u011b\u0161nost by byla miziv\u00e1.V\u00a0na\u0161\u00ed modern\u00ed dob\u011b je situace jin\u00e1. Chytr\u00e9 telefony a digit\u00e1ln\u00ed fotoapar\u00e1ty n\u00e1m nab\u00edzej\u00ed mnohem v\u011bt\u0161\u00ed mo\u017enosti, ale zase n\u00e1s i o n\u011bco ob\u00edraj\u00ed. Vrac\u00edme se z\u00a0t\u00fddenn\u00ed dovolen\u00e9 a m\u00e1me nafocen\u00fdch tis\u00edce sn\u00edmk\u016f. M\u00e1lokdy se na n\u011b je\u0161t\u011b n\u011bkdy po\u0159\u00e1dn\u011b pod\u00edv\u00e1me. Z\u016fst\u00e1vaj\u00ed ulo\u017een\u00e9 n\u011bkde v\u00a0po\u010d\u00edta\u010di. Ob\u010das se n\u011bkomu poda\u0159\u00ed p\u00e1r jich vybrat a ud\u011blat z\u00a0nich fotoknihu. D\u00edky chytr\u00fdm telefon\u016fm m\u016f\u017eeme fotky hned po vyfocen\u00ed umis\u0165ovat na soci\u00e1ln\u00ed s\u00edt\u011b nebo pos\u00edlat jako pohlednice rodin\u011b a zn\u00e1m\u00fdm. Kdy\u017e si ale prohl\u00e9dnete str\u00e1nky sv\u00fdch p\u0159\u00e1tel, tak zjist\u00edte, \u017ee mnoho ze zde um\u00edst\u011bn\u00fdch fotek m\u00e1 mizernou kvalitu a v\u00edcem\u00e9n\u011b o ni\u010dem nevypov\u00edd\u00e1. Tv\u00e1\u0159e lid\u00ed, kter\u00e9 nezn\u00e1te, op\u00edjej\u00edc\u00ed se spole\u010dnost a podobn\u011b. \u010casto rozmazan\u00e9, tmav\u00e9, \u017ee se \u010dlov\u011bk div\u00ed, pro\u010d si to tam lid\u00e9 d\u00e1vaj\u00ed. Prost\u011b s\u00a0n\u00e1stupem modern\u00edch technologi\u00ed se kvalita fotek rapidn\u011b zhor\u0161ila. Alespo\u0148 u velk\u00e9 \u010d\u00e1sti n\u00e1roda.Pak jsou ale ti, kte\u0159\u00ed se focen\u00ed v\u011bnuj\u00ed r\u00e1di, je to jejich kon\u00ed\u010dek a fot\u00ed s\u00a0rozmyslem a dob\u0159e. Dok\u00e1\u017eou fotky tak\u00e9 upravovat v\u00a0r\u016fzn\u00fdch programech, co\u017e d\u0159\u00edve tak\u00e9 nebylo mo\u017en\u00e9. Proto dnes jsou \u017eeny na fotk\u00e1ch upraven\u00e9, bez celulitidy a kil nav\u00edc. Fotk\u00e1m se ji\u017e ned\u00e1 v\u011b\u0159it. M\u016f\u017eeme se ud\u011blat kr\u00e1sn\u011bj\u0161\u00ed a mlad\u0161\u00ed, ne\u017e ve skute\u010dnosti jsme.Pokud ale sledujete okoln\u00ed sv\u011bt jen p\u0159es telefon nebo \u010do\u010dku fotoapar\u00e1tu, m\u016f\u017ee V\u00e1m leccos uniknout. Nestihnete si v\u0161\u00edmat tolik okol\u00ed a u\u017e\u00edvat si v\u0161ech kr\u00e1s. Focen\u00ed je dobr\u00e1 v\u011bc, ale jako se v\u0161\u00edm se nesm\u00ed p\u0159eh\u00e1n\u011bt.                                                                                                                                                                                                                                                                                                                                                                                        3.8\/5 - (10 votes)        "},{"@context":"https:\/\/schema.org\/","@type":"BreadcrumbList","itemListElement":[{"@type":"ListItem","position":1,"name":"Norm\u00e1ln\u00ed je nefotit","item":"https:\/\/www.mapr.cz\/normalni-je-nefotit\/#breadcrumbitem"}]}]