[{"@context":"https:\/\/schema.org\/","@type":"Article","@id":"https:\/\/www.mapr.cz\/nezapomente-na-detaily\/#Article","mainEntityOfPage":"https:\/\/www.mapr.cz\/nezapomente-na-detaily\/","headline":"Nezapome\u0148te na detaily","name":"Nezapome\u0148te na detaily","description":"Dnes u\u017e jsme na tom ale vesm\u011bs finan\u010dn\u011b o pozn\u00e1n\u00ed l\u00e9pe ne\u017e kdysi a rovn\u011b\u017e nab\u00eddka na\u0161ich \u010detn\u00fdch obchod\u016f u\u017e je pestr\u00e1 natolik, \u017ee se &hellip; ","datePublished":"2019-02-16","dateModified":"2023-05-18","author":{"@type":"Person","@id":"https:\/\/www.mapr.cz\/author\/#Person","name":"","url":"https:\/\/www.mapr.cz\/author\/","identifier":1,"image":{"@type":"ImageObject","@id":"https:\/\/secure.gravatar.com\/avatar\/4e6a74466e4227c12d5306875d08720cdfce3572213740db6f4a2e5e46e710ff?s=96&d=mm&r=g","url":"https:\/\/secure.gravatar.com\/avatar\/4e6a74466e4227c12d5306875d08720cdfce3572213740db6f4a2e5e46e710ff?s=96&d=mm&r=g","height":96,"width":96}},"publisher":{"@type":"Organization","name":"mapr.cz","logo":{"@type":"ImageObject","@id":"\/logo.png","url":"\/logo.png","width":600,"height":60}},"image":{"@type":"ImageObject","@id":"https:\/\/www.mapr.cz\/wp-content\/uploads\/img_a338773_w2758_t1551366083.jpg","url":"https:\/\/www.mapr.cz\/wp-content\/uploads\/img_a338773_w2758_t1551366083.jpg","height":0,"width":0},"url":"https:\/\/www.mapr.cz\/nezapomente-na-detaily\/","wordCount":514,"articleBody":"Dnes u\u017e jsme na tom ale vesm\u011bs finan\u010dn\u011b o pozn\u00e1n\u00ed l\u00e9pe ne\u017e kdysi a rovn\u011b\u017e nab\u00eddka na\u0161ich \u010detn\u00fdch obchod\u016f u\u017e je pestr\u00e1 natolik, \u017ee se v nich v\u011bnujeme sp\u00ed\u0161e v\u00fdb\u011bru toho nejlep\u0161\u00edho z toho hezk\u00e9ho, ne\u017e p\u00e1tr\u00e1n\u00ed po alespo\u0148 n\u011b\u010dem. A proto u\u017e tak\u00e9 daleko v\u00edce ne\u017e d\u0159\u00edve z\u00e1le\u017e\u00ed na tom, jak to u n\u00e1s doma vypad\u00e1.Dne\u0161n\u00ed dom\u00e1cnosti u\u017e tud\u00ed\u017e opl\u00fdvaj\u00ed nejednou i t\u00edm nejmodern\u011bj\u0161\u00edm, nejdokonalej\u0161\u00edm, zkr\u00e1tka n\u011b\u010d\u00edm, za co se nemus\u00edme styd\u011bt ani sami p\u0159ed sebou, ani p\u0159ed p\u0159\u00edpadn\u00fdmi nejr\u016fzn\u011bj\u0161\u00edmi n\u00e1v\u0161t\u011bvami. Za\u0159izujeme se tak, aby ka\u017ed\u00fd, kdo k n\u00e1m kdy zav\u00edt\u00e1, pokud mo\u017eno z\u00e1vid\u011bl, nebo alespo\u0148 tak, aby n\u00e1s doty\u010dn\u00fd posl\u00e9ze nepomluvil, jak hrozn\u011b \u017ee to \u017eijeme.Nast\u011bhujeme si do bytu n\u00e1bytek, n\u011bjakou tu elektroniku, n\u011bjak\u00e9 ty dekorativn\u00ed p\u0159edm\u011bty a tak, ale ani t\u00edm by je\u0161t\u011b nem\u011blo b\u00fdt na\u0161e sna\u017een\u00ed u konce. Proto\u017ee z\u00e1le\u017e\u00ed i na zd\u00e1nliv\u00fdch detailech, i na dost mo\u017en\u00e1 u\u010din\u011bn\u00fdch banalit\u00e1ch. I velk\u00e9 a dokonal\u00e9 d\u00edlo toti\u017e m\u016f\u017ee b\u00fdt ve v\u00fdsledku po\u0161kozov\u00e1no by\u0165 i sebebezv\u00fdznamn\u011bj\u0161\u00edmi mali\u010dkostmi, p\u016fsob\u00edc\u00edmi jako pov\u011bstn\u00e1 p\u011bst na oko.T\u00edm, na co bychom doma nem\u011bli zapom\u00ednat, jsou tak t\u0159eba i elektroinstala\u010dn\u00ed prvky, jako jsou vyp\u00edna\u010de a z\u00e1suvky.Jist\u011b, t\u011bch, kter\u00e9 prok\u00e1\u017eou majiteli dobrou slu\u017ebu, je v\u0161ude dost a dost, ale vy nebu\u010fte \u201asto let za opicemi\u2018 a .Pro\u010d pr\u00e1v\u011b ty?Pokl\u00e1d\u00e1te-li si zrovna tuto ot\u00e1zku, zjevn\u011b dosud nev\u00edte, o co jde. A proto v\u011bzte, \u017ee byste se pr\u00e1v\u011b pro tyto m\u011bli rozhodnout, proto\u017ee pr\u00e1v\u011b ty jsou to prav\u00e9 do modern\u00edho obydl\u00ed. a) T\u0159eba proto, \u017ee maj\u00ed jednotn\u00fd design, co\u017e dob\u0159e vypad\u00e1. b) Nebo proto, \u017ee vydr\u017e\u00ed bezvadn\u00e9 po cel\u00e1 dlouh\u00e1 l\u00e9ta.c) Nebo proto, \u017ee se hod\u00ed ke ka\u017ed\u00e9mu n\u00e1bytku a ke ka\u017ed\u00e9 barv\u011b st\u011bn, a proto se net\u0159eba b\u00e1t p\u0159\u00edpadn\u00fdch pozd\u011bj\u0161\u00edch zm\u011bn.d) Nebo proto, \u017ee se daleko sn\u00e1ze udr\u017euj\u00ed \u010dist\u00e9.Co\u017e jsou jen tak nam\u00e1tkou n\u011bkter\u00e9 z p\u0159ednost\u00ed tohoto elektroinstala\u010dn\u00edho materi\u00e1lu. Kter\u00fd by rozhodn\u011b v \u017e\u00e1dn\u00e9 modern\u00ed dom\u00e1cnosti nem\u011bl chyb\u011bt. Proto\u017ee jist\u011b, je t\u0159eba si za n\u011bj n\u011bco p\u0159iplatit, ale ka\u017ed\u00fd soudn\u00fd \u010dlov\u011bk tak u\u010din\u00ed dozajista r\u00e1d. Proto\u017ee p\u0159ece nedopust\u00ed, aby m\u011bl domov jako kl\u00edcku, v\u0161e dokonale slad\u011bn\u00e9 se v\u0161\u00edm a \u2013A najednou uprost\u0159ed toho v\u0161eho prastar\u00fd vyp\u00edna\u010d \u010di om\u0161elou z\u00e1suvku vysloven\u011b pro ostudu!                                                                                                                                                                                                                                                                                                                                                                                        4.2\/5 - (6 votes)        "},{"@context":"https:\/\/schema.org\/","@type":"BreadcrumbList","itemListElement":[{"@type":"ListItem","position":1,"name":"Nezapome\u0148te na detaily","item":"https:\/\/www.mapr.cz\/nezapomente-na-detaily\/#breadcrumbitem"}]}]