[{"@context":"https:\/\/schema.org\/","@type":"Article","@id":"https:\/\/www.mapr.cz\/na-silnicich-roste-pocet-ridicu-v-seniorskem-veku\/#Article","mainEntityOfPage":"https:\/\/www.mapr.cz\/na-silnicich-roste-pocet-ridicu-v-seniorskem-veku\/","headline":"Na silnic\u00edch roste po\u010det \u0159idi\u010d\u016f v seniorsk\u00e9m v\u011bku","name":"Na silnic\u00edch roste po\u010det \u0159idi\u010d\u016f v seniorsk\u00e9m v\u011bku","description":"V\u011bkov\u00e1 hranice populace v\u00a0Evrop\u011b se posouv\u00e1 sm\u011brem vzh\u016fru a pr\u016fm\u011brn\u00fd v\u011bk neust\u00e1le roste. Klesaj\u00edc\u00ed porodnost a m\u00e1lo nov\u011b narozen\u00fdch d\u011bt\u00ed zp\u016fsob\u00ed, \u017ee ji\u017e za n\u011bkolik &hellip; ","datePublished":"2025-05-15","dateModified":"2025-05-15","author":{"@type":"Person","@id":"https:\/\/www.mapr.cz\/author\/#Person","name":"","url":"https:\/\/www.mapr.cz\/author\/","identifier":1,"image":{"@type":"ImageObject","@id":"https:\/\/secure.gravatar.com\/avatar\/4e6a74466e4227c12d5306875d08720cdfce3572213740db6f4a2e5e46e710ff?s=96&d=mm&r=g","url":"https:\/\/secure.gravatar.com\/avatar\/4e6a74466e4227c12d5306875d08720cdfce3572213740db6f4a2e5e46e710ff?s=96&d=mm&r=g","height":96,"width":96}},"publisher":{"@type":"Organization","name":"mapr.cz","logo":{"@type":"ImageObject","@id":"\/logo.png","url":"\/logo.png","width":600,"height":60}},"image":{"@type":"ImageObject","@id":"https:\/\/www.mapr.cz\/wp-content\/uploads\/img_a343031_w2304_t1556170999.jpg","url":"https:\/\/www.mapr.cz\/wp-content\/uploads\/img_a343031_w2304_t1556170999.jpg","height":0,"width":0},"url":"https:\/\/www.mapr.cz\/na-silnicich-roste-pocet-ridicu-v-seniorskem-veku\/","wordCount":428,"articleBody":"V\u011bkov\u00e1 hranice populace v\u00a0Evrop\u011b se posouv\u00e1 sm\u011brem vzh\u016fru a pr\u016fm\u011brn\u00fd v\u011bk neust\u00e1le roste. Klesaj\u00edc\u00ed porodnost a m\u00e1lo nov\u011b narozen\u00fdch d\u011bt\u00ed zp\u016fsob\u00ed, \u017ee ji\u017e za n\u011bkolik let bude p\u0159eva\u017eovat po\u010det senior\u016f a naopak klesat po\u010det osob v\u00a0produktivn\u00edm v\u011bku. Nejv\u00edce se to projev\u00ed zhruba za deset let, kdy dosp\u011bj\u00ed do d\u016fchodov\u00e9ho v\u011bku siln\u00e9 ro\u010dn\u00edky, kter\u00e9 zn\u00e1me pod p\u0159\u00edzviskem \u201eHus\u00e1kovy d\u011bti\u201c.V\u011bt\u0161ina ze sou\u010dasn\u00fdch senior\u016f je odk\u00e1z\u00e1na bu\u010f na pomoc sv\u00fdch bl\u00edzk\u00fdch, rodiny a p\u0159\u00edbuzn\u00fdch, ale n\u011bkte\u0159\u00ed jsou pln\u011b sob\u011bsta\u010dn\u00ed, ov\u0161em z\u00e1visl\u00ed na sv\u00fdch automobilech. S\u00a0v\u011bkem toti\u017e tak\u00e9 roste mno\u017estv\u00ed zdravotn\u00edch pot\u00ed\u017e\u00ed a velk\u00e9 probl\u00e9my p\u0159edstavuje u\u017e jen samotn\u00fd n\u00e1kup potravin. V\u00a0n\u011bkter\u00fdch regionech to sice lze vy\u0159e\u0161it n\u00e1kupem potravin p\u0159es Internet, ale to se t\u00fdk\u00e1 pouze omezen\u00e9ho \u00fazem\u00ed republiky.Na silnic\u00edch tedy bude p\u0159ib\u00fdvat \u0159idi\u010d\u016f ve v\u011bku nad 60 let. Od ur\u010dit\u00e9 v\u011bkov\u00e9 hranice se mus\u00ed ka\u017ed\u00fd rok podrobit l\u00e9ka\u0159sk\u00e9 prohl\u00eddce a po\u017e\u00e1dat o prodlou\u017een\u00ed \u0159idi\u010dsk\u00e9ho opr\u00e1vn\u011bn\u00ed, ale obvykle jde sp\u00ed\u0161e o formalitu.\tSenio\u0159i nezavin\u00ed v\u011bt\u0161inu nehod, sp\u00ed\u0161e naopakSenior\u016fm je vyt\u00fdk\u00e1n aktivn\u00ed p\u0159\u00edstup \u0159\u00edzen\u00ed vozidla zejm\u00e9na mezi mladou generac\u00ed, vad\u00ed jim, \u017ee jsou potenci\u00e1ln\u00edm ohniskem probl\u00e9m\u016f a nehod, p\u0159itom podle statistik jich senio\u0159i zavin\u00ed skute\u010dn\u011b jen zlomek. Nejv\u00edce incident\u016f zp\u016fsobuj\u00ed mlad\u00ed lid\u00e9 do 35 let. Ti d\u0159\u00edve narozen\u00ed b\u00fdvaj\u00ed ke v\u0161emu ohledupln\u011bj\u0161\u00ed, v\u00edce se v\u011bnuj\u00ed \u0159\u00edzen\u00ed, p\u0159\u00edli\u0161 se nerozptyluj\u00ed a jezd\u00ed po tras\u00e1ch, kter\u00e9 dob\u0159e znaj\u00ed. Dnes u\u017e tak\u00e9 neplat\u00ed pravidlo d\u011bdou\u0161ka ve star\u00e9 \u0160kodovce s\u00a0kloboukem na hlav\u011b, kter\u00fd je postrachem pro sv\u00e9 okol\u00ed, klobouky ji\u017e t\u00e9m\u011b\u0159 nikdo nenos\u00ed a sou\u010dasn\u00e9 (i ojet\u00e9) vozy se \u0159\u00edd\u00ed mnohem sn\u00e1ze ne\u017e Trabanty, Wartburgy a \u017digul\u00edky.D\u0159\u00edve se tak\u00e9 bral jin\u00fd metr na lidsk\u00fd v\u011bk, zkr\u00e1tka nebylo zvykem, \u017ee by po p\u0159ekro\u010den\u00ed v\u011bkov\u00e9 hranice 85 let v\u016fbec n\u011bkdo usedal za volant. Vy\u0161\u0161\u00ed v\u011bk nad 80 let je pom\u011brn\u011b b\u011b\u017en\u00fd a lid\u00e9 jsou aktivn\u00ed i po devades\u00e1tce, a to mohou \u0159\u00eddit auto dokonce l\u00e9pe, ne\u017e jejich vnou\u010data.                                                                                                                                                                                                                                                                                                                                                                                        3.5\/5 - (8 votes)        "},{"@context":"https:\/\/schema.org\/","@type":"BreadcrumbList","itemListElement":[{"@type":"ListItem","position":1,"name":"Na silnic\u00edch roste po\u010det \u0159idi\u010d\u016f v seniorsk\u00e9m v\u011bku","item":"https:\/\/www.mapr.cz\/na-silnicich-roste-pocet-ridicu-v-seniorskem-veku\/#breadcrumbitem"}]}]