[{"@context":"https:\/\/schema.org\/","@type":"Article","@id":"https:\/\/www.mapr.cz\/moderni-doba-je-preproduktovana\/#Article","mainEntityOfPage":"https:\/\/www.mapr.cz\/moderni-doba-je-preproduktovana\/","headline":"Modern\u00ed doba je p\u0159eproduktovan\u00e1","name":"Modern\u00ed doba je p\u0159eproduktovan\u00e1","description":"Zam\u00fd\u0161leli jste se tak\u00e9 n\u011bkdy nad situac\u00ed, \u017ee byste nem\u011bli k\u00a0dispozici n\u011bkter\u00e9 produkty, na kter\u00e9 jsme denn\u011b zvykl\u00ed, \u017ee u\u017e ani nevn\u00edm\u00e1me jejich p\u0159\u00ednosnost do &hellip; ","datePublished":"2025-10-03","dateModified":"2025-10-03","author":{"@type":"Person","@id":"https:\/\/www.mapr.cz\/author\/#Person","name":"","url":"https:\/\/www.mapr.cz\/author\/","identifier":1,"image":{"@type":"ImageObject","@id":"https:\/\/secure.gravatar.com\/avatar\/4e6a74466e4227c12d5306875d08720cdfce3572213740db6f4a2e5e46e710ff?s=96&d=mm&r=g","url":"https:\/\/secure.gravatar.com\/avatar\/4e6a74466e4227c12d5306875d08720cdfce3572213740db6f4a2e5e46e710ff?s=96&d=mm&r=g","height":96,"width":96}},"publisher":{"@type":"Organization","name":"mapr.cz","logo":{"@type":"ImageObject","@id":"\/logo.png","url":"\/logo.png","width":600,"height":60}},"url":"https:\/\/www.mapr.cz\/moderni-doba-je-preproduktovana\/","wordCount":491,"articleBody":"Zam\u00fd\u0161leli jste se tak\u00e9 n\u011bkdy nad situac\u00ed, \u017ee byste nem\u011bli k\u00a0dispozici n\u011bkter\u00e9 produkty, na kter\u00e9 jsme denn\u011b zvykl\u00ed, \u017ee u\u017e ani nevn\u00edm\u00e1me jejich p\u0159\u00ednosnost do na\u0161eho \u017eivota? Nev\u00edte, co te\u010f m\u00e1me na mysli? Zkus\u00edme v\u00e1m p\u0159ibl\u00ed\u017eit probl\u00e9m \u201ep\u0159eproduktovanosti dne\u0161n\u00ed doby\u201c na n\u011bkolika p\u0159\u00edkladech.1.\u00a0\u00a0\u00a0\u00a0\u00a0\u00a0 Lednice, my\u010dka, pra\u010dkaTyto spot\u0159ebi\u010de m\u00e1 doma skoro ka\u017ed\u00fd z\u00a0n\u00e1s a pou\u017e\u00edv\u00e1 je t\u00e9m\u011b\u0159 denn\u011b. Dovedete si v\u0161ak p\u0159edstavit, kde byste skladovali va\u0161e potraviny bez lednice? A p\u0159esto nap\u0159\u00edklad na\u0161e babi\u010dky ledni\u010dku neznaly. V\u00a0zim\u011b d\u00e1vali kaz\u00edc\u00ed se potraviny za okno, p\u0159es l\u00e9to vyu\u017e\u00edvali chladn\u00e9 sklepy. Babi\u010dky tak\u00e9 nepraly v\u00a0automatick\u00fdch pra\u010dk\u00e1ch, kter\u00e9 za n\u00e1s mnohdy pr\u00e1dlo i vysu\u0161\u00ed. Vyu\u017e\u00edvali pro n\u00e1s u\u017e trochu historickou valchu. To bychom hned nemuseli nav\u0161t\u011bvovat fitness centra a zapotit se p\u0159i pran\u00ed. Bez my\u010dky se asi dneska je\u0161t\u011b vcelku obejdeme, ale nejedna dom\u00e1cnost ji vyu\u017e\u00edv\u00e1 denn\u011b.2.\u00a0\u00a0\u00a0\u00a0\u00a0\u00a0 Po\u010d\u00edta\u010de, tablety, mobilyUm\u00edte si je\u0161t\u011b domluvit sch\u016fzku s\u00a0n\u011bk\u00fdm bez mobilu? Pouze tak, \u017ee na prvn\u00ed sch\u016fzce si domluv\u00edte setk\u00e1n\u00ed p\u0159\u00ed\u0161t\u00ed? Kdo z\u00a0n\u00e1s nepou\u017e\u00edv\u00e1 sv\u016fj mobil a laptop denn\u011b. N\u011bkte\u0159\u00ed maj\u00ed dokonce v\u00edce mobil\u016f s\u00a0r\u016fzn\u00fdmi oper\u00e1tory. Bohu\u017eel \u010d\u00edm d\u00e1l v\u00edce lid\u00ed odj\u00ed\u017ed\u00ed na dovolen\u00e9 s\u00a0po\u010d\u00edta\u010di a mobily s\u00a0p\u0159ipojen\u00edm na internet. Ne\u0159\u00edk\u00e1me, \u017ee tyto spot\u0159ebi\u010de nezjednodu\u0161uj\u00ed n\u00e1\u0161 \u017eivot, ale n\u011bkdy m\u00e1me pocit, \u017ee \u017eijeme v\u00edce online ne\u017e offline.3.\u00a0\u00a0\u00a0\u00a0\u00a0\u00a0 L\u00e9ky a l\u00e9\u010divaMo\u017en\u00e1 nam\u00edt\u00e1te, \u017ee l\u00e9ky p\u0159ece nejsou produkty a nic \u0161patn\u00e9ho. Neu\u017e\u00edv\u00e1me v\u0161ak l\u00e9\u010diva k\u00a0produkci? A co teprve nadm\u011brn\u00e9 u\u017e\u00edv\u00e1n\u00ed n\u011bkter\u00fdch l\u00e9k\u016f, nap\u0159\u00edklad antidepresiv a antibiotik, zd\u00e1 se v\u00e1m to spr\u00e1vn\u00e9? Kdo z\u00a0n\u00e1s si p\u0159i nemoci va\u0159\u00ed poctiv\u00fd \u010daj z\u00a0bylinek?V\u011bt\u0161ina s\u00e1hne po osv\u011bd\u010den\u00e9m paralenu, panadolu, ibubrufenu a od bolesti si ulev\u00ed. Jak\u00e9 to v\u0161ak m\u00e1 n\u00e1sledky na \u017eivotn\u00ed prost\u0159ed\u00ed, u\u017e v\u011bt\u0161inou nikdo nedom\u00fd\u0161l\u00ed. Nechceme ale generalizovat, v\u00a0dne\u0161n\u00ed dob\u011b je vlna k\u00a0p\u0159\u00edklonu se k\u00a0homeopatik\u016fm zase na vzestupu.Zm\u00ednili jsme nepatrn\u00fd zlomek produkt\u016f, kter\u00e9 u\u017e\u00edv\u00e1me denn\u011b a je to jenom p\u00e1r let dozadu, kdy se pou\u017e\u00edvaly omezen\u011b anebo v\u016fbec. Jist\u011b, doba pokro\u010dila, technologicky i vysp\u011blost\u00ed. I tak ale stoj\u00ed za \u00favahu se zamyslet, zda nedoch\u00e1z\u00ed k\u00a0nadu\u017e\u00edv\u00e1n\u00ed n\u011b\u010deho, co m\u016f\u017ee m\u00edt neblah\u00fd vliv na na\u0161i budoucnost \u010di p\u0159\u00ed\u0161t\u00ed generace.                                                                                                                                                                                                                                                                                                                                                                                        4.3\/5 - (3 votes)        "},{"@context":"https:\/\/schema.org\/","@type":"BreadcrumbList","itemListElement":[{"@type":"ListItem","position":1,"name":"Modern\u00ed doba je p\u0159eproduktovan\u00e1","item":"https:\/\/www.mapr.cz\/moderni-doba-je-preproduktovana\/#breadcrumbitem"}]}]