[{"@context":"https:\/\/schema.org\/","@type":"Article","@id":"https:\/\/www.mapr.cz\/miminko-je-dar\/#Article","mainEntityOfPage":"https:\/\/www.mapr.cz\/miminko-je-dar\/","headline":"Miminko je dar","name":"Miminko je dar","description":"Dne\u0161n\u00ed novope\u010den\u00e9 maminky u\u017e d\u00e1vno nebal\u00ed sv\u00e9 d\u011bti do zavinova\u010dek, ned\u00e1vaj\u00ed jim krajkov\u00e9 \u010depi\u010dky a nepou\u017e\u00edvaj\u00ed bavln\u011bn\u00e9 pleny, Jako v\u0161echno na sv\u011bt\u011b, i starost o &hellip; ","datePublished":"2022-07-08","dateModified":"2023-05-18","author":{"@type":"Person","@id":"https:\/\/www.mapr.cz\/author\/#Person","name":"","url":"https:\/\/www.mapr.cz\/author\/","identifier":1,"image":{"@type":"ImageObject","@id":"https:\/\/secure.gravatar.com\/avatar\/4e6a74466e4227c12d5306875d08720cdfce3572213740db6f4a2e5e46e710ff?s=96&d=mm&r=g","url":"https:\/\/secure.gravatar.com\/avatar\/4e6a74466e4227c12d5306875d08720cdfce3572213740db6f4a2e5e46e710ff?s=96&d=mm&r=g","height":96,"width":96}},"publisher":{"@type":"Organization","name":"mapr.cz","logo":{"@type":"ImageObject","@id":"\/logo.png","url":"\/logo.png","width":600,"height":60}},"image":{"@type":"ImageObject","@id":"https:\/\/www.mapr.cz\/wp-content\/uploads\/child-g2494c7db6_640.jpg","url":"https:\/\/www.mapr.cz\/wp-content\/uploads\/child-g2494c7db6_640.jpg","height":0,"width":0},"url":"https:\/\/www.mapr.cz\/miminko-je-dar\/","about":["Nakupov\u00e1n\u00ed"],"wordCount":421,"articleBody":"        Dne\u0161n\u00ed novope\u010den\u00e9 maminky u\u017e d\u00e1vno nebal\u00ed sv\u00e9 d\u011bti do zavinova\u010dek, ned\u00e1vaj\u00ed jim krajkov\u00e9 \u010depi\u010dky a nepou\u017e\u00edvaj\u00ed bavln\u011bn\u00e9 pleny, Jako v\u0161echno na sv\u011bt\u011b, i starost o miminko se docela zm\u011bnila.Ne\u017e se v\u00e1m narod\u00ed miminko, jist\u011b budete m\u00edt nachystanou celou v\u00fdbavi\u010dku. Ale u\u017e to nebude vy\u0161\u00edvan\u00e1 zavinova\u010dka, ale sp\u00ed\u0161e deka a m\u00edsto dupa\u010dek bude miminko brzo oble\u010den\u00e9 v mini rifl\u00edch apod. Do z\u00e1kladn\u00edch pot\u0159eb pro miminko budete sp\u00ed\u0161e sh\u00e1n\u011bt tzv. vaj\u00ed\u010dko, kter\u00e9 slou\u017e\u00ed i jako autoseda\u010dka ne\u017e hlubok\u00fd ko\u010d\u00e1rek, proto\u017ee ur\u010dit\u011b budete s miminkem jezdit autem, a tak koup\u00edte pravd\u011bpodobn\u011b ko\u010d\u00e1rek trojkombinaci, nebo koup\u00edte jen vaj\u00ed\u010dko a pak pro v\u011bt\u0161\u00ed miminko rovnou sportovn\u00ed ko\u010d\u00e1rek. Mnoho maminek dnes nos\u00ed sv\u00e1 miminka v \u0161\u00e1tku, a tak ko\u010d\u00e1rek nepot\u0159ebuj\u00ed v\u016fbec.Zm\u011bnil se tak\u00e9 p\u0159\u00edstup ke kojen\u00ed. Je\u0161t\u011b p\u0159ed p\u00e1r lety nebylo kojen\u00ed tak modern\u00ed z\u00e1le\u017eitost\u00ed. Matky kojily sv\u00e1 miminka p\u00e1r t\u00fddn\u016f \u010di m\u011bs\u00edc\u016f a pak p\u0159ech\u00e1zely na su\u0161en\u00e9 kojeneck\u00e9 ml\u00e9ko. Na\u0161t\u011bst\u00ed doba, kdy byl k dost\u00e1n\u00ed pouze sunar u\u017e je d\u00e1vno pry\u010d.Zm\u011bnily se tak\u00e9 n\u00e1zory na ka\u017edodenn\u00ed koup\u00e1n\u00ed miminek. Je pravdou, \u017ee miminka nejsou \u0161pinav\u00e9, aby se musely denn\u011b koupat, ale ka\u017edodenn\u00ed ritu\u00e1ly p\u0159isp\u00edvaj\u00ed ke zdrav\u00e9mu v\u00fdvoji d\u00edt\u011bte. V pozd\u011bj\u0161\u00edm v\u011bku se v\u00e1m se za\u017eit\u00fdm ve\u010dern\u00edm ritu\u00e1lem budou sn\u00e1ze d\u011bti zah\u00e1n\u011bt do postele. Hodn\u011b maminek tr\u00e1v\u00ed \u010das na internetu a hledaj\u00ed tam rady a zku\u0161enosti od druh\u00fdch maminek. Nen\u00ed na \u0161kodu si nechat poradit, ale ka\u017ed\u00e9 miminko je jin\u00e9 a pokud m\u00e1 zdravotn\u00ed probl\u00e9m, m\u011bli byste probl\u00e9m \u0159e\u0161it s l\u00e9ka\u0159em, a ne na facebookov\u00e9 skupince s ostatn\u00edmi matkami.B\u011bhem let se m\u011bn\u00ed spoustu v\u011bdeck\u00fdch poznatk\u016f a ani p\u00e9\u010de o miminka se jim nevyhne, ale co hlavn\u011b miminka pot\u0159ebuj\u00ed je l\u00e1ska. L\u00e1ska obou rodi\u010d\u016f, kte\u0159\u00ed ud\u011blaj\u00ed v\u0161e, aby jejich miminko vyr\u016fstalo ve l\u00e1skypln\u00e9m prost\u0159ed\u00ed, kter\u00e9 jim poskytne bezpe\u010d\u00ed a klid pro jeho zdrav\u00fd v\u00fdvoj.B\u00fdt rodi\u010d je nejt\u011b\u017e\u0161\u00ed zam\u011bstn\u00e1n\u00ed na sv\u011bt\u011b, ale s nejv\u011bt\u0161\u00ed odm\u011bnou.                                                                                                                                                                                                                                                                                                                                                                                                  "},{"@context":"https:\/\/schema.org\/","@type":"BreadcrumbList","itemListElement":[{"@type":"ListItem","position":1,"name":"Miminko je dar","item":"https:\/\/www.mapr.cz\/miminko-je-dar\/#breadcrumbitem"}]}]