[{"@context":"https:\/\/schema.org\/","@type":"Article","@id":"https:\/\/www.mapr.cz\/levna-kancelar\/#Article","mainEntityOfPage":"https:\/\/www.mapr.cz\/levna-kancelar\/","headline":"Levn\u00e1 kancel\u00e1\u0159","name":"Levn\u00e1 kancel\u00e1\u0159","description":"Kdy\u017e jsem se rozhodovala, jakou pr\u00e1ci budu vykon\u00e1vat po st\u0159edn\u00ed \u0161kole, tak jsem si nev\u011bd\u011bla rady. M\u011bla jsem sice ekonomickou \u0161kolu, ale v\u016fbec jsem nev\u011bd\u011bla, &hellip; ","datePublished":"2022-08-16","dateModified":"2023-05-18","author":{"@type":"Person","@id":"https:\/\/www.mapr.cz\/author\/#Person","name":"","url":"https:\/\/www.mapr.cz\/author\/","identifier":1,"image":{"@type":"ImageObject","@id":"https:\/\/secure.gravatar.com\/avatar\/4e6a74466e4227c12d5306875d08720cdfce3572213740db6f4a2e5e46e710ff?s=96&d=mm&r=g","url":"https:\/\/secure.gravatar.com\/avatar\/4e6a74466e4227c12d5306875d08720cdfce3572213740db6f4a2e5e46e710ff?s=96&d=mm&r=g","height":96,"width":96}},"publisher":{"@type":"Organization","name":"mapr.cz","logo":{"@type":"ImageObject","@id":"\/logo.png","url":"\/logo.png","width":600,"height":60}},"image":{"@type":"ImageObject","@id":"https:\/\/www.mapr.cz\/wp-content\/uploads\/desk-3076954_960_720.jpg","url":"https:\/\/www.mapr.cz\/wp-content\/uploads\/desk-3076954_960_720.jpg","height":0,"width":0},"url":"https:\/\/www.mapr.cz\/levna-kancelar\/","about":["Business"],"wordCount":398,"articleBody":"       Kdy\u017e jsem se rozhodovala, jakou pr\u00e1ci budu vykon\u00e1vat po st\u0159edn\u00ed \u0161kole, tak jsem si nev\u011bd\u011bla rady. M\u011bla jsem sice ekonomickou \u0161kolu, ale v\u016fbec jsem nev\u011bd\u011bla, v jak\u00e9m oboru budu pracovat. Bydlela jsem toti\u017e na vesnici, kde je pracovn\u00ed uplatn\u011bn\u00ed  http:\/\/www.oacb.cz\/uplatneni-absolventa-oa\/ opravdu minim\u00e1ln\u00ed. V tomhle mi d\u00e1te za pravdu, proto\u017ee tady v okol\u00ed byly pouze jenom dva mal\u00e9 obchody a jedna hospoda, kde pr\u00e1v\u011b bylo m\u00edsto v\u017edycky obsazen\u00e9. Tam se to snad asi d\u011bdilo z generace na generaci. A na\u0161e vesnice byla zrovna takov\u00e1 odlehl\u00e1, \u017ee nejbli\u017e\u0161\u00ed m\u011bsto bylo od n\u00e1s dvacet p\u011bt kilometr\u016f. A nejhor\u0161\u00ed na tom bylo, \u017ee j\u00e1 auto nem\u00e1m a ze zdravotn\u00edch d\u016fvod\u016f taky auto m\u00edt nemohu.Byla jsem opravdu zoufal\u00e1. Tak jsem si \u0159ekla, \u017ee bych se asi odst\u011bhovala do m\u011bsta. Odst\u011bhovala jsem se tedy nakonec do Ostravy, kter\u00e9 je moje rodn\u00e9 m\u011bsto. A kdy\u017e to tak vezmu, tak Ostrava je opravdu p\u011bkn\u00e9 m\u00edsto, kde bych taky v budoucnu cht\u011bla vychov\u00e1vat sv\u00e9 d\u011bti. Nakonec jsem tam z\u016fstala ve firm\u011b, kter\u00e1 se zab\u00fdv\u00e1 obuv\u00ed. R\u00e1da nos\u00edm boty, tak\u017ee to pro m\u011b byla opravdu skv\u011bl\u00e1 pr\u00e1ce. Taky jsem tam dostala virtu\u00e1ln\u00ed kancel\u00e1\u0159.Virtu\u00e1ln\u00ed kancel\u00e1\u0159 v Ostrav\u011b je skv\u011bl\u00e1, proto\u017ee ve virtu\u00e1ln\u00ed kancel\u00e1\u0159i v Ostrav\u011b m\u016f\u017eete vlastn\u011b b\u00fdt p\u0159ipojen odkudkoliv. Tak\u017ee takovou virtu\u00e1ln\u00ed kancel\u00e1\u0159 si vlastn\u011b nos\u00edte st\u00e1le sebou. Nemus\u00edte se b\u00e1t, \u017ee byste n\u011bco opomn\u011bli anebo neud\u011blali. Proto\u017ee pokud vlastn\u00edte virtu\u00e1ln\u00ed kancel\u00e1\u0159 v Ostrav\u011b, tak m\u00e1te v\u017edycky v\u0161echno p\u0159i ruce a nen\u00ed p\u0159eci nad dobr\u00fd pocit, kdy\u017e m\u00e1te virtu\u00e1ln\u00ed kancel\u00e1\u0159 t\u0159eba v mobilu? M\u016f\u017eete si v\u017edycky vy\u0159e\u0161it v\u0161echny sv\u00e9 pracovn\u00ed emaily anebo r\u016fzn\u00e9 po\u017eadavky, kter\u00e9 nemus\u00edte ani odkl\u00e1dat na pozd\u011bji. Pokud m\u00e1te v\u0161echno ve sv\u00e9m mobilu anebo notebooku, d\u011bl\u00e1te jedin\u011b dob\u0159e. A vy u\u017e taky m\u00e1te svou ostravskou virtu\u00e1ln\u00ed kancel\u00e1\u0159? Jist\u011b neud\u011bl\u00e1te chybu, bude v\u00e1m hodit. Posledn\u00ed dobou je virtu\u00e1ln\u00ed kancel\u00e1\u0159 obl\u00edben\u00e1 a taky hodn\u011b \u017e\u00e1dan\u00e1.                                                                                                                                                                                                                                                                                                                                                                                          4.4\/5 - (8 votes)        "},{"@context":"https:\/\/schema.org\/","@type":"BreadcrumbList","itemListElement":[{"@type":"ListItem","position":1,"name":"Levn\u00e1 kancel\u00e1\u0159","item":"https:\/\/www.mapr.cz\/levna-kancelar\/#breadcrumbitem"}]}]