[{"@context":"https:\/\/schema.org\/","@type":"Article","@id":"https:\/\/www.mapr.cz\/kde-budete-na-jarni-prazdniny\/#Article","mainEntityOfPage":"https:\/\/www.mapr.cz\/kde-budete-na-jarni-prazdniny\/","headline":"Kde budete na jarn\u00ed pr\u00e1zdniny?","name":"Kde budete na jarn\u00ed pr\u00e1zdniny?","description":"Se za\u010d\u00e1tkem \u0161koln\u00edho roku se z\u00e1rove\u0148 zve\u0159ej\u0148uj\u00ed term\u00edny jarn\u00edch pr\u00e1zdnin pro jednotliv\u00e9 okresy. Pokud jste milovn\u00edkem nejen ly\u017e\u00ed, ale zimn\u00edch sport\u016f a zimy v\u016fbec, je &hellip; ","datePublished":"2022-08-19","dateModified":"2023-05-18","author":{"@type":"Person","@id":"https:\/\/www.mapr.cz\/author\/#Person","name":"","url":"https:\/\/www.mapr.cz\/author\/","identifier":1,"image":{"@type":"ImageObject","@id":"https:\/\/secure.gravatar.com\/avatar\/4e6a74466e4227c12d5306875d08720cdfce3572213740db6f4a2e5e46e710ff?s=96&d=mm&r=g","url":"https:\/\/secure.gravatar.com\/avatar\/4e6a74466e4227c12d5306875d08720cdfce3572213740db6f4a2e5e46e710ff?s=96&d=mm&r=g","height":96,"width":96}},"publisher":{"@type":"Organization","name":"mapr.cz","logo":{"@type":"ImageObject","@id":"\/logo.png","url":"\/logo.png","width":600,"height":60}},"image":{"@type":"ImageObject","@id":"https:\/\/www.mapr.cz\/wp-content\/uploads\/skiing-ge88c0616e_640.jpg","url":"https:\/\/www.mapr.cz\/wp-content\/uploads\/skiing-ge88c0616e_640.jpg","height":0,"width":0},"url":"https:\/\/www.mapr.cz\/kde-budete-na-jarni-prazdniny\/","about":["Business"],"wordCount":458,"articleBody":"      Se za\u010d\u00e1tkem \u0161koln\u00edho roku se z\u00e1rove\u0148 zve\u0159ej\u0148uj\u00ed term\u00edny jarn\u00edch pr\u00e1zdnin pro jednotliv\u00e9 okresy. Pokud jste milovn\u00edkem nejen ly\u017e\u00ed, ale zimn\u00edch sport\u016f a zimy v\u016fbec, je to ta prav\u00e1 chv\u00edle, za\u010d\u00edt si hledat to spr\u00e1vn\u00e9 ly\u017ea\u0159sk\u00e9 st\u0159edisko, kde se sv\u00fdmi d\u011btmi jarn\u00ed pr\u00e1zdniny str\u00e1v\u00edte. Zimn\u00ed dovolenou n\u011bkte\u0159\u00ed z n\u00e1s znaj\u00ed jen z filmu And\u011bl na hor\u00e1ch, ale pro\u010d n\u011bkdy nezkusit n\u011bco nov\u00e9ho a nestr\u00e1vit t\u00fdden v b\u00edle zasypan\u00e9 krajin\u011b, a\u0165 u\u017e na ly\u017e\u00edch, na b\u011b\u017ek\u00e1ch, nebo jen s d\u011btmi na san\u00edch \u010di bobech. Zima je dlouh\u00e1, a tak t\u00fdden dovolen\u00e9 m\u016f\u017ee b\u00fdt p\u0159\u00edjemn\u00fdm zpest\u0159en\u00edm a zkr\u00e1cen\u00edm doby, kdy \u010dek\u00e1me na jaro. Jarn\u00ed pr\u00e1zdniny jsou v rozmez\u00ed dvou m\u011bs\u00edc\u016f a pokud na v\u00e1\u0161 okres padne nejpozd\u011bj\u0161\u00ed term\u00edn, co\u017e m\u016f\u017ee b\u00fdt a\u017e konev b\u0159ezna, m\u016f\u017eete m\u00edt probl\u00e9m, aby ve v\u00e1mi vybran\u00e9m ly\u017ea\u0159sk\u00e9m st\u0159edisku byl je\u0161t\u011b sn\u00edh. Pokud bude va\u0161e st\u0159edisko nab\u00edzet um\u011bl\u00e9 zasn\u011b\u017eov\u00e1n\u00ed, m\u016f\u017eete b\u00fdt alespo\u0148 trochu klidn\u011bj\u0161\u00ed. Pokud ale bude teplota hodn\u011b nad nulou, tak ani um\u011bl\u00e9 zasn\u011b\u017eov\u00e1n\u00ed nezajist\u00ed, \u017ee budete moct ly\u017eovat. Je tedy vhodn\u00e9 naj\u00edt si takov\u00e9 st\u0159edisko, kde se p\u0159i takov\u00e9to nep\u0159\u00edzni po\u010das\u00ed budete moct v\u011bnovat jin\u00fdm aktivit\u00e1m. V\u011bt\u0161ina lid\u00ed v\u011bnuje v\u00edce pozornosti letn\u00ed dovolen\u00e9, ale pokud jste milovn\u00edkem zimy a ly\u017eov\u00e1n\u00ed, pro\u010d si neu\u017e\u00edt po\u0159\u00e1dn\u00e9 ly\u017eov\u00e1n\u00ed nap\u0159. v \u010cenkovice sn\u00edh. Modern\u00ed, st\u00e1le se rozv\u00edjej\u00edc\u00ed se are\u00e1l nab\u00edz\u00ed slu\u017eby na \u0161pi\u010dkov\u00e9 sv\u011btov\u00e9 \u00farovni a vy tak za\u017eijete n\u00e1dhernou dovolenou mimo ruch velkom\u011bsta, v \u010dist\u00e9 p\u0159\u00edrod\u011b mezi Jesen\u00edky a Orlick\u00fdmi horami. Jste-li z Prahy, tak v dob\u011b jarn\u00edch pr\u00e1zdnin se v\u011bt\u0161ina Pra\u017ean\u016f p\u0159em\u00edst\u00ed do Krkono\u0161. Bu\u010fte chyt\u0159\u00ed a zaje\u010fte si na Skibukovku a vyhn\u011bte se front\u00e1m na vleky, p\u0159epln\u011bn\u00fdm restaurac\u00edm a parkovi\u0161t\u00edm.Nikdo v\u00e1m nesl\u00edb\u00ed, \u017ee v dob\u011b jarn\u00edch pr\u00e1zdnin a ve v\u00e1mi vybran\u00e9m st\u0159edisku bude n\u00e1dhern\u00e9 zimn\u00ed po\u010das\u00ed a vy si u\u017eijete ly\u017eov\u00e1n\u00ed, ale m\u016f\u017eete pro\u017e\u00edt klidn\u00fd t\u00fdden se \u0161pi\u010dkov\u00fdmi slu\u017ebami v n\u00e1dhern\u00e9 p\u0159\u00edrod\u011b mimo civiliza\u010dn\u00ed shon, a to se tak\u00e9 po\u010d\u00edt\u00e1.                                                                                                                                                                                                                                                                                                                                                                                          4.2\/5 - (8 votes)        "},{"@context":"https:\/\/schema.org\/","@type":"BreadcrumbList","itemListElement":[{"@type":"ListItem","position":1,"name":"Kde budete na jarn\u00ed pr\u00e1zdniny?","item":"https:\/\/www.mapr.cz\/kde-budete-na-jarni-prazdniny\/#breadcrumbitem"}]}]