[{"@context":"https:\/\/schema.org\/","@type":"Article","@id":"https:\/\/www.mapr.cz\/jeste-pracku\/#Article","mainEntityOfPage":"https:\/\/www.mapr.cz\/jeste-pracku\/","headline":"Je\u0161t\u011b pra\u010dku!","name":"Je\u0161t\u011b pra\u010dku!","description":"Jak bude vypadat va\u0161e nov\u00e1 kuchy\u0148 u\u017e m\u00e1te rozmy\u0161leno, chcete v\u0161echny n\u00e1pady zadat v\u00fdrobci , aby je odborn\u011b realizoval. Tak je\u0161t\u011b tu pra\u010dku. Jakou ale &hellip; ","datePublished":"2018-08-07","dateModified":"2023-05-18","author":{"@type":"Person","@id":"https:\/\/www.mapr.cz\/author\/#Person","name":"","url":"https:\/\/www.mapr.cz\/author\/","identifier":1,"image":{"@type":"ImageObject","@id":"https:\/\/secure.gravatar.com\/avatar\/4e6a74466e4227c12d5306875d08720cdfce3572213740db6f4a2e5e46e710ff?s=96&d=mm&r=g","url":"https:\/\/secure.gravatar.com\/avatar\/4e6a74466e4227c12d5306875d08720cdfce3572213740db6f4a2e5e46e710ff?s=96&d=mm&r=g","height":96,"width":96}},"publisher":{"@type":"Organization","name":"mapr.cz","logo":{"@type":"ImageObject","@id":"\/logo.png","url":"\/logo.png","width":600,"height":60}},"image":{"@type":"ImageObject","@id":"https:\/\/www.mapr.cz\/wp-content\/uploads\/img_a323409_w2384_t1535050882.jpg","url":"https:\/\/www.mapr.cz\/wp-content\/uploads\/img_a323409_w2384_t1535050882.jpg","height":0,"width":0},"url":"https:\/\/www.mapr.cz\/jeste-pracku\/","wordCount":569,"articleBody":"Jak bude vypadat va\u0161e nov\u00e1 kuchy\u0148 u\u017e m\u00e1te rozmy\u0161leno, chcete v\u0161echny n\u00e1pady zadat v\u00fdrobci , aby je odborn\u011b realizoval. Tak je\u0161t\u011b tu pra\u010dku. Jakou ale kone\u010dn\u011b vybrat? Velk\u00fd v\u00fdb\u011br v\u00e1s sp\u00ed\u0161 mate. Pom\u016f\u017eeme se v tom v\u00edce orientovat. Kolik m\u00edsta na n\u00ed m\u00e1me Tak z\u00e1kladem je samoz\u0159ejm\u011b ot\u00e1zka dostate\u010dn\u00e9ho prostoru. Mus\u00edme vych\u00e1zet z na\u0161ich mo\u017enost\u00ed, dispozic na\u0161\u00ed kuchyn\u011b. A dob\u0159e m\u011b\u0159it! Kolik m\u00edsta m\u00e1me na \u0161\u00ed\u0159ku, v\u00fd\u0161ku a hloubku pra\u010dky? Nejb\u011b\u017en\u011bj\u0161\u00ed \u0161\u00ed\u0159ka i hloubka pra\u010dek je 60 centimetr\u016f. Obchodn\u00edci ale nab\u00edz\u00ed i u\u017e\u0161\u00ed a krat\u0161\u00ed varianty \u2013 tzv. slim verze.Um\u00edst\u011bn\u00ed a otev\u00edrac\u00ed \u00fahel dv\u00ed\u0159ek A rozhodneme se plnit pra\u010dku p\u0159edem nebo vrchem? To je hodn\u011b d\u016fle\u017eit\u00e9. Nesm\u00edme zapomenout na to, po\u010d\u00edtat s m\u00edstem na otev\u00edr\u00e1n\u00ed dv\u00ed\u0159ek! Pra\u010dky s p\u0159edn\u00edm pln\u011bn\u00edm maj\u00ed lep\u0161\u00ed stabilitu a m\u016f\u017eeme na n\u011b um\u00edstit su\u0161i\u010dku. To je samoz\u0159ejm\u011b v\u00fdhodn\u011bj\u0161\u00ed tam, kde nen\u00ed moc m\u00edsta a \u0161et\u0159\u00edme ka\u017ed\u00fd centimetr. Pra\u010dky s vrchn\u00edm pln\u011bn\u00edm zase \u0161et\u0159\u00ed prostor v p\u0159edn\u00ed \u010d\u00e1sti, obvykle b\u00fdvaj\u00ed u\u017e\u0161\u00ed. A \u0161et\u0159\u00ed na\u0161e z\u00e1da, proto\u017ee se nemus\u00edme p\u0159i pr\u00e1ci s pr\u00e1dlem moc oh\u00fdbat. Tak\u00e9 je dobr\u00e9 zjistit, jak velk\u00fd maj\u00ed dv\u00ed\u0159ka pra\u010dky otev\u00edrac\u00ed \u00fahel. M\u011bl by b\u00fdt alespo\u0148 120 stup\u0148\u016f. Jen tak se n\u00e1m s pra\u010dkou bude dob\u0159e spolupracovat p\u0159i pln\u011bn\u00ed a odb\u011bru pr\u00e1dla.Velikost bubnuKapacitabubnu ur\u010duje, kolik pr\u00e1dla v pra\u010dce v jedn\u00e9 d\u00e1vce, tedy najednou vypereme. Nej\u010dast\u011bj\u0161\u00ed je ta na 5 kilogram\u016f pr\u00e1dla. Takov\u00e1 je vhodn\u00e1 pro dv\u011b osoby, ide\u00e1ln\u011b pokryje jejich pot\u0159eby. Pro rodinu o \u010dty\u0159ech \u010dlenech je nejvhodn\u011bj\u0161\u00ed kapacita na 7 a\u017e 8 kilogram\u016f pr\u00e1dla. Vyr\u00e1b\u00ed se tak\u00e9 modely s men\u0161\u00ed (3 kg) nebo naopak v\u011bt\u0161\u00ed (a\u017e 12 kg) kapacitou. Ot\u00e1\u010dky p\u0159i odst\u0159e\u010fov\u00e1n\u00ed a hlu\u010dnost B\u011b\u017en\u011b prod\u00e1van\u00e9 modely pra\u010dek dosahuj\u00ed p\u0159i re\u017eimu odst\u0159e\u010fov\u00e1n\u00ed 700 a\u017e 1800 ot\u00e1\u010dek za minutu. Od toho se samoz\u0159ejm\u011b odv\u00edj\u00ed \u00fa\u010dinnost odst\u0159ed\u011bn\u00ed. V\u00edce ot\u00e1\u010dek znamen\u00e1 v\u00edce su\u0161\u0161\u00ed pr\u00e1dlo ve fin\u00e1le pran\u00ed. V\u00edce ot\u00e1\u010dek ale m\u016f\u017ee znamenat t\u00e9\u017e vy\u0161\u0161\u00ed hlu\u010dnost. T\u00e9 se vyhneme, pokud si vybereme pra\u010dku s tich\u00fdm provozem (nap\u0159\u00edklad technologi\u00ed Zen).Energetick\u00e1 t\u0159\u00edda pra\u010dky V dne\u0161n\u00ed dob\u011b lze v na\u0161ich obchodech zakoupit modely energetick\u00e9 t\u0159\u00eddy A+ a vy\u0161\u0161\u00ed. Vysok\u00e1 energetick\u00e1 t\u0159\u00edda kombinovan\u00e1 s technologi\u00ed \u201e\u0161est\u00fd smysl\u201c n\u00e1m m\u016f\u017ee u\u0161et\u0159it a\u017e 70 procent vody a energie. Ovl\u00e1d\u00e1n\u00ed, programy a funkce Pokud nechceme p\u0159i ka\u017ed\u00e9m nastavov\u00e1n\u00ed programu pra\u010dky pro\u010d\u00edtat manu\u00e1l, vyb\u00edr\u00e1me model s p\u0159ehledn\u00fdmi ovl\u00e1dac\u00edmi prvky (srozumiteln\u00fdmi obr\u00e1zky a symboly). M\u016f\u017eeme si vybrat z cel\u00e9 \u0159ady program\u016f a funkc\u00ed. Uva\u017eovat ale, kter\u00fd se n\u00e1m hod\u00ed, zda ho p\u0159i pran\u00ed vyu\u017eijeme. \u0160ikovn\u00e9 programy se sami na za\u010d\u00e1tku pran\u00ed postaraj\u00ed o optim\u00e1ln\u00ed nastaven\u00ed v\u0161ech pot\u0159ebn\u00fdch parametr\u016f.                                                                                                                                                                                                                                                                                                                                                                                        3.7\/5 - (3 votes)        "},{"@context":"https:\/\/schema.org\/","@type":"BreadcrumbList","itemListElement":[{"@type":"ListItem","position":1,"name":"Je\u0161t\u011b pra\u010dku!","item":"https:\/\/www.mapr.cz\/jeste-pracku\/#breadcrumbitem"}]}]