[{"@context":"https:\/\/schema.org\/","@type":"Article","@id":"https:\/\/www.mapr.cz\/co-ocenite-na-profesionalnim-uklidu-kancelari\/#Article","mainEntityOfPage":"https:\/\/www.mapr.cz\/co-ocenite-na-profesionalnim-uklidu-kancelari\/","headline":"Co ocen\u00edte na profesion\u00e1ln\u00edm \u00faklidu kancel\u00e1\u0159\u00ed","name":"Co ocen\u00edte na profesion\u00e1ln\u00edm \u00faklidu kancel\u00e1\u0159\u00ed","description":"\u00daklid kancel\u00e1\u0159\u00ed v Praze 6 obn\u00e1\u0161\u00ed \u0159adu operac\u00ed a ty v\u00e1m mohou b\u00fdt n\u00e1pomocn\u00e9 v udr\u017eov\u00e1n\u00ed \u010distoty a po\u0159\u00e1dku na pracovi\u0161ti. Co nap\u0159\u00edklad zahrnuje pr\u00e1ci &hellip; ","datePublished":"2025-01-11","dateModified":"2025-01-11","author":{"@type":"Person","@id":"https:\/\/www.mapr.cz\/author\/#Person","name":"","url":"https:\/\/www.mapr.cz\/author\/","identifier":1,"image":{"@type":"ImageObject","@id":"https:\/\/secure.gravatar.com\/avatar\/4e6a74466e4227c12d5306875d08720cdfce3572213740db6f4a2e5e46e710ff?s=96&d=mm&r=g","url":"https:\/\/secure.gravatar.com\/avatar\/4e6a74466e4227c12d5306875d08720cdfce3572213740db6f4a2e5e46e710ff?s=96&d=mm&r=g","height":96,"width":96}},"publisher":{"@type":"Organization","name":"mapr.cz","logo":{"@type":"ImageObject","@id":"\/logo.png","url":"\/logo.png","width":600,"height":60}},"image":{"@type":"ImageObject","@id":"https:\/\/www.mapr.cz\/wp-content\/uploads\/chairs-2181960_640_10_1.jpg","url":"https:\/\/www.mapr.cz\/wp-content\/uploads\/chairs-2181960_640_10_1.jpg","height":0,"width":0},"url":"https:\/\/www.mapr.cz\/co-ocenite-na-profesionalnim-uklidu-kancelari\/","wordCount":425,"articleBody":"       \u00daklid kancel\u00e1\u0159\u00ed v Praze 6 obn\u00e1\u0161\u00ed \u0159adu operac\u00ed a ty v\u00e1m mohou b\u00fdt n\u00e1pomocn\u00e9 v udr\u017eov\u00e1n\u00ed \u010distoty a po\u0159\u00e1dku na pracovi\u0161ti. Co nap\u0159\u00edklad zahrnuje pr\u00e1ci profesion\u00e1ln\u00ed \u00faklidov\u00e9 firmy?Vysyp\u00e1v\u00e1n\u00ed ko\u0161\u016f \u2013 zd\u00e1nliv\u00e1 mali\u010dkost, ale kdy\u017e k v\u00e1m do kancel\u00e1\u0159e zav\u00edt\u00e1 n\u00e1v\u0161t\u011bva, usad\u00edte ji k psac\u00edmu stolu a za\u010dne jedn\u00e1n\u00ed t\u0159eba ohledn\u011b n\u00e1vrhu bytov\u00e9ho designu a vz\u00e1p\u011bt\u00ed se z va\u0161eho ko\u0161e pod stolem za\u010dnou \u0161\u00ed\u0159it podivn\u00e9 pachy, nap\u0159\u00edklad z odlo\u017een\u00fdch zka\u017een\u00fdch sardinek, z plesniv\u00e9ho jogurtu nebo z propocen\u00fdch d\u00e1msk\u00fdch silonek, bude to mo\u017en\u00e1 m\u00edt zaj\u00edmav\u00fd dopad na pr\u016fb\u011bh jedn\u00e1n\u00ed. \u010cist\u00fd odpadkov\u00fd ko\u0161 je va\u0161\u00ed vizitkou a \u00faklidov\u00e1 firma by jej m\u011bla vysyp\u00e1vat denn\u011b.Stoly a komody \u2013 p\u0159edstavte si, \u017ee na va\u0161em psac\u00edm stole spat\u0159\u00ed va\u0161e n\u00e1v\u0161t\u011bva kole\u010dko od hrnku s ovocn\u00fdm \u010dajem, opod\u00e1l kousek bramborov\u00e9ho sal\u00e1tu, o dal\u0161\u00ed kus d\u00e1l patku z rohl\u00edku a v rohu stolu z\u0159eteln\u011b neut\u0159en\u00fd prach. Op\u011bt dal\u0161\u00ed faux pas vypov\u00eddaj\u00edc\u00ed o va\u0161\u00ed hygien\u011b a \u00faklidu kancel\u00e1\u0159\u00ed v Praze 6. \u00daklidov\u00e1 firma by se m\u011bla postarat o \u010distotu psac\u00edch stol\u016f, komod, okenn\u00edch parapet\u016f, odkl\u00e1dac\u00edch stolk\u016f, konferen\u010dn\u00edch stolk\u016f a dal\u0161\u00edho n\u00e1bytku.Podlaha \u2013 \u00faklid tak\u00e9 obn\u00e1\u0161\u00ed \u010di\u0161t\u011bn\u00ed podlahy, zde se jedn\u00e1 nap\u0159\u00edklad o dla\u017ebu nebo z\u00e1t\u011b\u017eov\u00e9 koberce. Vyt\u00edr\u00e1n\u00ed podlahy je celkem b\u011b\u017enou rutinou a s koberci je to tak, krom\u011b vys\u00e1v\u00e1n\u00ed je \u00faklidov\u00e1 firma dle domluvy ob\u010das vy\u010dist\u00ed \u010distic\u00edm strojem. Z\u00e1le\u017e\u00ed na mno\u017estv\u00ed ne\u010distot na koberci a frekvenci pohybu osob ve venkovn\u00ed nebo dom\u00e1c\u00ed obuvi.Okna \u2013 k um\u00fdv\u00e1n\u00ed oken se tak\u00e9 nep\u0159istupuje denn\u011b, okna se myj\u00ed nap\u0159\u00edklad dvakr\u00e1t do roka, na ja\u0159e a na podzim. Toto tak\u00e9 obvykle nen\u00ed standardn\u00ed pracovn\u00ed proces, myt\u00ed oken je ot\u00e1zkou dohody, jej\u00ed\u017e sou\u010d\u00e1st\u00ed m\u016f\u017ee b\u00fdt i stanoven\u00ed vhodn\u00e9ho term\u00ednu.Kdy ukl\u00edzet kancel\u00e1\u0159e \u2013 n\u011bkomu vyhovuje b\u011b\u017en\u00fd \u00faklid v rann\u00edch hodin\u00e1ch, n\u011bkdo m\u016f\u017ee preferovat naopak \u00faklid odpoledne \u010di nave\u010der, a\u017e po odchodu zam\u011bstnanc\u016f. \u00daklid je tak\u00e9 mo\u017en\u00e9 prov\u00e1d\u011bt i o v\u00edkendech, op\u011bt z\u00e1le\u017e\u00ed na tom, jak se dohodnete.                                                                                                                                                                                                                                                                                                                                                                                          5\/5 - (3 votes)        "},{"@context":"https:\/\/schema.org\/","@type":"BreadcrumbList","itemListElement":[{"@type":"ListItem","position":1,"name":"Co ocen\u00edte na profesion\u00e1ln\u00edm \u00faklidu kancel\u00e1\u0159\u00ed","item":"https:\/\/www.mapr.cz\/co-ocenite-na-profesionalnim-uklidu-kancelari\/#breadcrumbitem"}]}]