[{"@context":"https:\/\/schema.org\/","@type":"Article","@id":"https:\/\/www.mapr.cz\/alexandr-veliky-a-jeho-verny-bucefalus\/#Article","mainEntityOfPage":"https:\/\/www.mapr.cz\/alexandr-veliky-a-jeho-verny-bucefalus\/","headline":"Alexandr Velik\u00fd a jeho v\u011brn\u00fd Bucefalus","name":"Alexandr Velik\u00fd a jeho v\u011brn\u00fd Bucefalus","description":"Jakmile dovr\u0161il Alexandr Makedonsk\u00fd v\u011bku t\u0159in\u00e1cti let, dostal od sv\u00e9ho otce Filipa Makedonsk\u00e9ho darem kon\u011b. Ov\u0161em nebyl to oby\u010dejn\u00fd k\u016f\u0148, bylo to zv\u00ed\u0159e, kter\u00e9 se &hellip; ","datePublished":"2019-04-22","dateModified":"2019-04-22","author":{"@type":"Person","@id":"https:\/\/www.mapr.cz\/author\/#Person","name":"","url":"https:\/\/www.mapr.cz\/author\/","identifier":1,"image":{"@type":"ImageObject","@id":"https:\/\/secure.gravatar.com\/avatar\/4e6a74466e4227c12d5306875d08720cdfce3572213740db6f4a2e5e46e710ff?s=96&d=mm&r=g","url":"https:\/\/secure.gravatar.com\/avatar\/4e6a74466e4227c12d5306875d08720cdfce3572213740db6f4a2e5e46e710ff?s=96&d=mm&r=g","height":96,"width":96}},"publisher":{"@type":"Organization","name":"mapr.cz","logo":{"@type":"ImageObject","@id":"\/logo.png","url":"\/logo.png","width":600,"height":60}},"image":{"@type":"ImageObject","@id":"https:\/\/www.mapr.cz\/wp-content\/uploads\/img_a343195_w1938_t1556366523.png","url":"https:\/\/www.mapr.cz\/wp-content\/uploads\/img_a343195_w1938_t1556366523.png","height":0,"width":0},"url":"https:\/\/www.mapr.cz\/alexandr-veliky-a-jeho-verny-bucefalus\/","wordCount":411,"articleBody":"\tJakmile dovr\u0161il Alexandr Makedonsk\u00fd v\u011bku t\u0159in\u00e1cti let, dostal od sv\u00e9ho otce Filipa Makedonsk\u00e9ho darem kon\u011b. Ov\u0161em nebyl to oby\u010dejn\u00fd k\u016f\u0148, bylo to zv\u00ed\u0159e, kter\u00e9 se doposud nikomu nepoda\u0159ilo zkrotit. Alexandr byl v\u0161ak vytrval\u00fd, nenechal se odradit n\u011bkolika p\u00e1dy, ke zv\u00ed\u0159eti se choval v\u017edy s pokorou, ov\u0161em neoblomn\u011b. Ale ani po dlouh\u00fdch m\u011bs\u00edc\u00edch se mu nepoda\u0159ilo udr\u017eet v sedle, a\u017e jednoho poledne si v\u0161iml, \u017ee k\u016f\u0148 schov\u00e1v\u00e1 hlavu mezi p\u0159edn\u00edmi nohami, jakoby se skr\u00fdval p\u0159ed sluncem.\t\tP\u0159isko\u010dil tedy k n\u011bmu a n\u00e1siln\u011b koni zvedl hlavu k nebi, aby se zahled\u011bl p\u0159\u00edmo do slunce. V ten moment se k\u016f\u0148 p\u0159estal vzpouzet a nechal Alexandra nasednout a vyrazili spolu na prvn\u00ed proj\u00ed\u017e\u010fku, od t\u00e9 doby se z nich stala nerozlu\u010dn\u00e1 dvojka  . Alexandr sv\u00e9ho kon\u011b miloval a nesm\u00edrn\u011b si jej cenil. Na jednom jeho v\u00e1le\u010dn\u00e9m ta\u017een\u00ed, mu oslaben\u00ed protivn\u00edci kon\u011b ukradli a odt\u00e1hli jej do sv\u00e9ho le\u017een\u00ed, cht\u011bli ho tak vyd\u00edrat, aby se st\u00e1hl, ale jejich po\u010din m\u011bl p\u0159esn\u011b opa\u010dn\u00fd efekt. Alexandr se tak roz\u010d\u00edlil, \u017ee nechal vyhl\u00e1sit, \u017ee pokud mu kon\u011b nevr\u00e1t\u00ed, tak vyp\u00e1l\u00ed v\u0161echna jejich m\u011bsta. Protivn\u00edci se tak vyd\u011bsili, \u017ee mu kon\u011b ihned vr\u00e1tili. Kolem roku 326 p\u0159. n. l. se Alexandr Velik\u00fd vydal na ta\u017een\u00ed do Indie, kdy\u017e p\u0159ekra\u010dovali \u0159eku Hydasp\u00e9s, tak byl Bucefalus ran\u011bn \u0161\u00edpem, ne\u017e sv\u00fdm zran\u011bn\u00edm podlehl, s vyp\u011bt\u00edm v\u0161ech sil je\u0161t\u011b stihl dopravit sv\u00e9ho p\u00e1na na b\u0159eh, kde po\u0161el.\t\tPodle historik\u016f bylo v t\u00e9 dob\u011b zv\u00ed\u0159eti skoro t\u0159icet let. Na po\u010dest sv\u00e9ho kon\u011b nechal Alexandr Velik\u00fd v z\u00e1padn\u00ed Indii vybudovat m\u011bsto, kter\u00e9 pojmenoval Bukefalia. Jeho um\u00edst\u011bn\u00ed odpov\u00edd\u00e1 dne\u0161n\u00edmu um\u00edst\u011bn\u00ed m\u011bsta K\u00e1bul v Afgh\u00e1nist\u00e1nu. Z tohoto ta\u017een\u00ed se Alexandr Velik\u00fd dom\u016f ji\u017e nikdy nevr\u00e1til. Cht\u011bl postupovat st\u00e1le hloub\u011bji do Indie, ale jeho voj\u00e1ci mu ji\u017e vypov\u011bd\u011bli poslu\u0161nost, tak se vr\u00e1til ke sv\u00e9 \u017een\u011b do Babylonu, kde onemocn\u011bl hore\u010dkou a ve sv\u00fdch t\u0159iceti t\u0159ech letech zem\u0159el.\t\u00a0                                                                                                                                                                                                                                                                                                                                                                                        4.7\/5 - (9 votes)        "},{"@context":"https:\/\/schema.org\/","@type":"BreadcrumbList","itemListElement":[{"@type":"ListItem","position":1,"name":"Alexandr Velik\u00fd a jeho v\u011brn\u00fd Bucefalus","item":"https:\/\/www.mapr.cz\/alexandr-veliky-a-jeho-verny-bucefalus\/#breadcrumbitem"}]}]